{"id":1011,"date":"2026-09-01T06:27:44","date_gmt":"2026-09-01T06:27:44","guid":{"rendered":"https:\/\/associazioneidra.ch\/?p=1011"},"modified":"2026-09-06T06:29:24","modified_gmt":"2026-09-06T06:29:24","slug":"spazio-love-il-salotto-della-cultura-indipendente-cult-rsi","status":"publish","type":"post","link":"https:\/\/associazioneidra.ch\/?p=1011","title":{"rendered":"Spazio L\u2019Ove, il salotto della cultura indipendente &#8211; Cult RSI"},"content":{"rendered":"<div id=\"346a7ec4-ae79-4c30-80ff-f6ccce0dcc7d\" class=\"c-article-paragraph u-article-paragraph c-article-body_item\">\n<div>\n<p><strong>Lo Spazio L\u2019Ove vive in un equilibrio sottile, sospeso tra la sua vocazione comunitaria e la certezza di una fine gi\u00e0 scritta, e ogni gesto che vi accade sembra compiuto contro il tempo, contro l\u2019abbattimento che incombe, contro l\u2019idea che ci\u00f2 che nasce dal volontariato debba per forza consumarsi. Questa fragilit\u00e0 non nasce oggi, ma affonda le radici nei primi passi di questo spazio ricreativo.<\/strong><\/p>\n<p><iframe src=\"https:\/\/www.rsi.ch\/play\/embed?urn=urn:rsi:video:4049125&amp;subdivisions=false\" width=\"560\" height=\"315\" allowfullscreen=\"allowfullscreen\"><\/iframe><\/p>\n<\/div>\n<\/div>\n<div id=\"fc170185-703c-4674-9a88-3192f0af29ec\" class=\"c-article-paragraph u-article-paragraph c-article-body_item\">\n<div>\n<p>\u00c8 il 2019 quando Antonio Prata, gi\u00e0 direttore di programmazione del Cinestar di Lugano e direttore del Film Festival Diritti Umani Lugano, cerca un nuovo spazio per le proiezioni di Nuovo Cineroom, una rassegna cinematografica itinerante. Qualcuno gli consiglia di andare a vedere l\u2019edificio semi-abbandonato in via Luganetto 1. Costruito nel secolo scorso, per anni \u00e8 stato utilizzato come mensa operaia; poi come centro culturale della comunit\u00e0 aramaica. \u00c8 uno stabile di un certo fascino, tra i pi\u00f9 vecchi della zona, con un grande spazio interno appositamente pensato per fare comunit\u00e0. La palazzina \u00e8 gi\u00e0 destinata alla vendita e all\u2019abbattimento ma, nel frattempo, l\u2019intento di Prata \u00e8 quello di ridarle un po\u2019 di vita. Firmato il contratto d\u2019affitto, per\u00f2, ecco l\u2019arrivo del Coronavirus. Nuovo Cineroom, l\u00ec dentro, non entrer\u00e0.<\/p>\n<\/div>\n<\/div>\n<div id=\"76f4834c-3d4e-4de4-aa52-30b563c9b053\" class=\"c-article-paragraph u-article-paragraph c-article-body_item\">\n<div>\n<p>Invece, una volta passata l\u2019emergenza sanitaria, un capannello di registi, musicisti e amici comincia a gravitare intorno a quelle mura. Prima lavorandoci fisicamente in modo da renderle di nuovo accoglienti, poi organizzando piccole serate su invito, e infine aprendo le porte alla vibrante comunit\u00e0 culturale indipendente, che proprio in quel periodo era stata privata di spazi molto importanti di aggregazione e di cultura quali lo Spazio Morel e il CSOA il Molino. Nasce cos\u00ec lo Spazio L\u2019Ove e l\u2019Associazione Luganetto, inizialmente composta, oltre che da Prata, anche da Radiana Basso, Agnese Laposi, Vanni Moretti ed Enea Zucchetti. L\u2019Associazione si auto-finanzia raccogliendo donazioni libere dagli operatori culturali che usufruiscono delle postazioni di lavoro.<\/p>\n<\/div>\n<\/div>\n<div id=\"15c75c02-d194-49b6-be24-413847284b0f\" class=\"c-article-paragraph u-article-paragraph c-article-body_item\">\n<div>\n<p>Nel 2022-2023 l\u2019esperienza della \u201cStraordinaria \u2013 Tour Vagabonde\u201d funge da potente catalizzatore. I contatti umani l\u00ec stabiliti si trasformano in idee, in progetti, in movimento. E il tutto, finita la Straordinaria, confluisce in via Luganetto, l\u2019ultimo bastione di cultura indipendente a Lugano. Eventi, performance musicali, proiezioni e mille altre occasioni d\u2019incontro e di scambio trovano posto allo Spazio L\u2019Ove. \u00c8 un successo.<\/p>\n<\/div>\n<\/div>\n<div id=\"58a38f50-79cf-4577-86b5-54db493d38bf\" class=\"c-article-paragraph u-article-paragraph c-article-body_item\">\n<div>\n<p>Proprio quel successo, per\u00f2, crea anche qualche problema: qualcuno dei vicini si lamenta del presunto rumore eccessivo. Non si sa come, ma la voce passa dalla Polizia ai proprietari dell\u2019immobile. Gli inquilini sono richiamati all\u2019ordine e, soprattutto, al silenzio.<\/p>\n<\/div>\n<\/div>\n<div id=\"44e59c9e-9798-4606-9c4e-08bf00aa9424\" class=\"c-article-paragraph u-article-paragraph c-article-body_item\">\n<div>\n<p>Per l\u2019associazione Luganetto \u00e8 una battuta d\u2019arresto importante. Che non solo genera scoramento, ma anche una vera e propria crisi d\u2019identit\u00e0: cosa pu\u00f2 fare lo Spazio L\u2019Ove? Cosa deve fare? Ha ancora senso di esistere?<\/p>\n<\/div>\n<\/div>\n<div id=\"940b948f-2a19-4d54-8824-d3931c1652a0\" class=\"c-article-paragraph u-article-paragraph c-article-body_item\">\n<div>\n<p>A prevalere, poi, sono due consapevolezze. La prima \u00e8 che L\u2019Ove \u00e8 nato, prima di tutto, come luogo d\u2019incontro e di produzione artistica. Quelle scrivanie sono le uniche a buon mercato in tutta Lugano e gli operatori culturali ne hanno pi\u00f9 che mai bisogno. A questo non si pu\u00f2 rinunciare. La seconda consapevolezza \u00e8 relativa alla struttura dell\u2019edificio stesso. Se \u00e8 stato un grande salotto per tanti anni, pu\u00f2 e deve continuare ad esserlo. Ci\u00f2 si traduce in un nuovo tipo di programmazione, incentrato un po\u2019 meno sui concerti e maggiormente su proiezioni diurne, mostre, presentazioni, tavole rotonde e club di lettura, spesso in collaborazione con associazioni ed enti presenti sul territorio.<\/p>\n<\/div>\n<\/div>\n<div id=\"209519c7-f599-4464-9dbc-577dcd717d8e\" class=\"c-article-paragraph u-article-paragraph c-article-body_item\">\n<div>\n<p>La formula funziona, ma da parte dei membri del comitato c\u2019\u00e8 un certo affanno: in quanto unica realt\u00e0 di questo tipo a Lugano, lo Spazio \u00e8 diventato un punto di riferimento e questo implica un carico di lavoro importante e un senso ineludibile di responsabilit\u00e0 nei confronti del pubblico e degli operatori culturali che qui hanno trovato casa. La natura di un progetto di questo tipo, gestito a titolo puramente volontario fin dall\u2019inizio, \u00e8 quindi per forza instabile: la passione non basta se, nel frattempo, ogni membro deve contare su un\u2019altra professione per pagare le proprie bollette.<\/p>\n<\/div>\n<\/div>\n<div id=\"6a0c4452-bbfd-416f-9eec-303c79eebe7c\" class=\"c-article-paragraph u-article-paragraph c-article-body_item\">\n<div>\n<p>Oggi lo Spazio L\u2019Ove \u2013 proprio come altri di questo tipo in tutta la Svizzera italiana \u2013 \u00e8 minacciato non solo dalla precariet\u00e0 nella quale si trovano ad operare i suoi volontari, ma anche dall\u2019incertezza sulle tempistiche della sua chiusura. Quanto potr\u00e0 rimanere ancora attivo lo Spazio L\u2019Ove prima che venga abbattuto? E, quando succeder\u00e0, cosa ne sar\u00e0 di tutti i legami, le esperienze, e le memorie che in quelle quattro mura hanno preso vita? Avranno un nuovo luogo dove stabilirsi in modo pi\u00f9 duraturo?<\/p>\n<\/div>\n<\/div>\n","protected":false},"excerpt":{"rendered":"<p>Lo Spazio L\u2019Ove vive in un equilibrio sottile, sospeso tra  [&#8230;]<\/p>\n","protected":false},"author":2,"featured_media":0,"comment_status":"closed","ping_status":"closed","sticky":false,"template":"","format":"standard","meta":{"footnotes":""},"categories":[3],"tags":[],"class_list":["post-1011","post","type-post","status-publish","format-standard","hentry","category-rassegna-stampa"],"_links":{"self":[{"href":"https:\/\/associazioneidra.ch\/index.php?rest_route=\/wp\/v2\/posts\/1011","targetHints":{"allow":["GET"]}}],"collection":[{"href":"https:\/\/associazioneidra.ch\/index.php?rest_route=\/wp\/v2\/posts"}],"about":[{"href":"https:\/\/associazioneidra.ch\/index.php?rest_route=\/wp\/v2\/types\/post"}],"author":[{"embeddable":true,"href":"https:\/\/associazioneidra.ch\/index.php?rest_route=\/wp\/v2\/users\/2"}],"replies":[{"embeddable":true,"href":"https:\/\/associazioneidra.ch\/index.php?rest_route=%2Fwp%2Fv2%2Fcomments&post=1011"}],"version-history":[{"count":1,"href":"https:\/\/associazioneidra.ch\/index.php?rest_route=\/wp\/v2\/posts\/1011\/revisions"}],"predecessor-version":[{"id":1012,"href":"https:\/\/associazioneidra.ch\/index.php?rest_route=\/wp\/v2\/posts\/1011\/revisions\/1012"}],"wp:attachment":[{"href":"https:\/\/associazioneidra.ch\/index.php?rest_route=%2Fwp%2Fv2%2Fmedia&parent=1011"}],"wp:term":[{"taxonomy":"category","embeddable":true,"href":"https:\/\/associazioneidra.ch\/index.php?rest_route=%2Fwp%2Fv2%2Fcategories&post=1011"},{"taxonomy":"post_tag","embeddable":true,"href":"https:\/\/associazioneidra.ch\/index.php?rest_route=%2Fwp%2Fv2%2Ftags&post=1011"}],"curies":[{"name":"wp","href":"https:\/\/api.w.org\/{rel}","templated":true}]}}