{"id":1013,"date":"2026-09-04T06:29:58","date_gmt":"2026-09-04T06:29:58","guid":{"rendered":"https:\/\/associazioneidra.ch\/?p=1013"},"modified":"2026-09-06T06:30:21","modified_gmt":"2026-09-06T06:30:21","slug":"spazi-per-la-cultura-indipendente-il-cantone-apre-il-bando-cosa-fara-lugano","status":"publish","type":"post","link":"https:\/\/associazioneidra.ch\/?p=1013","title":{"rendered":"Spazi per la cultura indipendente: il Cantone apre il bando. Cosa far\u00e0 Lugano?"},"content":{"rendered":"<p class=\"subtitle subtitle-HEEcLo\" dir=\"auto\"><em>Oggi il Cantone ha pubblicato il bando \u201cSpazi per la cultura indipendente\u201d, un sostegno finanziario per concedere spazi a condizioni agevolate alle realt\u00e0 culturali indipendenti.<\/em><\/p>\n<p dir=\"auto\"><a href=\"https:\/\/www.luganoplanp.ch\/p\/spazi-per-la-cultura-indipendente?r=13ur1e&amp;utm_medium=ios&amp;triedRedirect=true\">DALLA NEWSLETTER DI RODOLFO PULINO<\/a><\/p>\n<p>Il programma \u201cSpazi per la cultura indipendente\u201d, aperto dal 7 settembre al 1\u00b0 dicembre 2026, mette a disposizione dei Comuni un sostegno finanziario per concedere spazi a condizioni agevolate a operatori e realt\u00e0 culturali indipendenti. Il Cantone potr\u00e0 assumersi fino al 50% dei costi riconosciuti, per un massimo di 30\u2019000 franchi all\u2019anno per progetto, nel periodo 2027\u20132030.<\/p>\n<p>Il principio \u00e8 interessante. Il Cantone dice ai Comuni:\u00a0<strong>se avete degli spazi e volete utilizzarli per permettere alla cultura indipendente di vivere, produrre e svilupparsi sul territorio, siamo disposti a partecipare ai costi.<\/strong><\/p>\n<p>E allora la domanda viene abbastanza naturale:\u00a0<strong>Lugano intende cogliere questa opportunit\u00e0?<\/strong><\/p>\n<p>A Lugano il tema degli spazi culturali non nasce certo oggi.<\/p>\n<p>Negli anni abbiamo discusso molto di cultura indipendente, di luoghi di aggregazione, di spazi autogestiti, di realt\u00e0 associative e della difficolt\u00e0 di trovare luoghi accessibili nei quali sviluppare attivit\u00e0 che difficilmente possono sostenere i prezzi del mercato immobiliare cittadino.<\/p>\n<p>Abbiamo discusso anche del patrimonio immobiliare della Citt\u00e0, degli edifici inutilizzati o sottoutilizzati e, pi\u00f9 in generale, di quale funzione debbano avere gli immobili pubblici.<\/p>\n<p>Per questo sarebbe piuttosto curioso se Lugano lasciasse passare un bando pensato proprio per mettere in relazione questi due temi.<\/p>\n<p><strong>Quali spazi della Citt\u00e0 potrebbero diventare opportunit\u00e0 per la cultura indipendente? E quali realt\u00e0 o spazi gi\u00e0 esistenti potrebbero beneficiare di questa opportunit\u00e0 offerta dal Cantone?<\/strong><\/p>\n<p>Un aspetto interessante del bando \u00e8 proprio il fatto che non obbliga necessariamente i Comuni a costruire qualcosa di nuovo.<\/p>\n<p>Si pu\u00f2 partire dal patrimonio esistente, mettendo a disposizione immobili comunali a condizioni agevolate oppure sostenendo il costo di spazi di propriet\u00e0 di terzi. Questo apre possibilit\u00e0 che meriterebbero almeno di essere esplorate.<\/p>\n<p>E forse \u00e8 proprio questa la parte pi\u00f9 interessante dell\u2019opportunit\u00e0 offerta dal Cantone. Lugano non dovrebbe guardare al bando semplicemente come alla possibilit\u00e0 di ottenere qualche decina di migliaia di franchi, ma come all\u2019occasione per\u00a0<strong>aprire una riflessione pi\u00f9 ampia e costruire una vera politica cittadina degli spazi per la cultura indipendente<\/strong>.<\/p>\n<h2 class=\"header-anchor-post fusion-responsive-typography-calculated\" data-fontsize=\"18\" data-lineheight=\"27px\">E poi c\u2019\u00e8 il San Domenico<\/h2>\n<div class=\"pencraft pc-display-flex pc-alignItems-center pc-position-absolute pc-reset header-anchor-parent\">\n<div class=\"pencraft pc-display-contents pc-reset pubTheme-yiXxQA\"><\/div>\n<\/div>\n<p>\u00c8 difficile, almeno per me, leggere questo bando senza pensare anche al Lido San Domenico.<\/p>\n<p>Non perch\u00e9 il Lido debba necessariamente diventare uno \u201cspazio per la cultura indipendente\u201d, n\u00e9 perch\u00e9 sappiamo se un progetto di quel tipo sarebbe compatibile con tutti i requisiti del bando cantonale.<\/p>\n<p>Ma perch\u00e9 negli anni il San Domenico \u00e8 diventato anche qualcosa che va oltre un semplice esercizio pubblico: un luogo di incontro, aggregazione, piccoli eventi e iniziative culturali.<\/p>\n<p>E soprattutto perch\u00e9, casualmente, questo bando viene pubblicato proprio mentre Lugano si prepara al \u201cdoppio\u201d concorso per la futura gestione del Lido San Domenico (LSD). Due concorsi che verranno pubblicati luned\u00ec e che avremo modo di approfondire e giudicare.<\/p>\n<p>Ed \u00e8 curioso osservare come, mentre il Cantone invita i Comuni a riflettere su come il proprio patrimonio possa essere utilizzato per sostenere la cultura indipendente, a Lugano siamo contemporaneamente confrontati con la discussione sul futuro di uno spazio pubblico che una parte di quella funzione l\u2019ha sviluppata spontaneamente.<\/p>\n<p>Le due cose non sono necessariamente sovrapponibili, sia chiaro. Ma la coincidenza fa comunque riflettere.<\/p>\n<p>Sul San Domenico torner\u00f2 per\u00f2 nei prossimi giorni, quando saranno pubblicati i nuovi concorsi e sar\u00e0 possibile valutarli nel merito. Prima, per\u00f2, una domanda al Municipio<\/p>\n<p>Il termine per partecipare al bando cantonale \u00e8 il\u00a0<strong>1\u00b0 dicembre 2026<\/strong>.<\/p>\n<p>Sarebbe interessante innanzitutto sapere se il Municipio sia gi\u00e0 stato coinvolto nella fase preparatoria del progetto cantonale e se Lugano abbia manifestato il proprio interesse.<\/p>\n<p>Ma soprattutto sarebbe interessante conoscere la risposta ad alcune domande molto semplici:<\/p>\n<p><strong>Lugano intende partecipare al bando?<\/strong><\/p>\n<p><strong>Il Municipio ha gi\u00e0 individuato spazi di propriet\u00e0 della Citt\u00e0 che potrebbero essere messi a disposizione della cultura indipendente?<\/strong><\/p>\n<p><strong>Ha intenzione di coinvolgere le realt\u00e0 culturali indipendenti luganesi per capire quali siano i loro bisogni e se esistano progetti candidabili?<\/strong><\/p>\n<p>E, pi\u00f9 in generale,\u00a0<strong>Lugano ha intenzione di cogliere questa occasione per tornare a parlare seriamente di spazi per la cultura indipendente?<\/strong><\/p>\n<p>Io credo che valga almeno la pena chiederglielo.<\/p>\n","protected":false},"excerpt":{"rendered":"<p>Oggi il Cantone ha pubblicato il bando \u201cSpazi per la  [&#8230;]<\/p>\n","protected":false},"author":2,"featured_media":0,"comment_status":"closed","ping_status":"closed","sticky":false,"template":"","format":"standard","meta":{"footnotes":""},"categories":[3],"tags":[],"class_list":["post-1013","post","type-post","status-publish","format-standard","hentry","category-rassegna-stampa"],"_links":{"self":[{"href":"https:\/\/associazioneidra.ch\/index.php?rest_route=\/wp\/v2\/posts\/1013","targetHints":{"allow":["GET"]}}],"collection":[{"href":"https:\/\/associazioneidra.ch\/index.php?rest_route=\/wp\/v2\/posts"}],"about":[{"href":"https:\/\/associazioneidra.ch\/index.php?rest_route=\/wp\/v2\/types\/post"}],"author":[{"embeddable":true,"href":"https:\/\/associazioneidra.ch\/index.php?rest_route=\/wp\/v2\/users\/2"}],"replies":[{"embeddable":true,"href":"https:\/\/associazioneidra.ch\/index.php?rest_route=%2Fwp%2Fv2%2Fcomments&post=1013"}],"version-history":[{"count":1,"href":"https:\/\/associazioneidra.ch\/index.php?rest_route=\/wp\/v2\/posts\/1013\/revisions"}],"predecessor-version":[{"id":1014,"href":"https:\/\/associazioneidra.ch\/index.php?rest_route=\/wp\/v2\/posts\/1013\/revisions\/1014"}],"wp:attachment":[{"href":"https:\/\/associazioneidra.ch\/index.php?rest_route=%2Fwp%2Fv2%2Fmedia&parent=1013"}],"wp:term":[{"taxonomy":"category","embeddable":true,"href":"https:\/\/associazioneidra.ch\/index.php?rest_route=%2Fwp%2Fv2%2Fcategories&post=1013"},{"taxonomy":"post_tag","embeddable":true,"href":"https:\/\/associazioneidra.ch\/index.php?rest_route=%2Fwp%2Fv2%2Ftags&post=1013"}],"curies":[{"name":"wp","href":"https:\/\/api.w.org\/{rel}","templated":true}]}}