{"id":128,"date":"2023-07-18T13:42:45","date_gmt":"2023-07-18T13:42:45","guid":{"rendered":"https:\/\/associazioneidra.ch\/?p=128"},"modified":"2024-06-07T10:59:12","modified_gmt":"2024-06-07T10:59:12","slug":"le-politiche-culturali-in-ticino-uno-studio-di-sebastien-peter","status":"publish","type":"post","link":"https:\/\/associazioneidra.ch\/?p=128","title":{"rendered":"Le politiche culturali in Ticino &#8211; uno studio di Sebastien Peter"},"content":{"rendered":"<div class=\"fusion-fullwidth fullwidth-box fusion-builder-row-1 fusion-flex-container has-pattern-background has-mask-background nonhundred-percent-fullwidth non-hundred-percent-height-scrolling\" style=\"--awb-border-radius-top-left:0px;--awb-border-radius-top-right:0px;--awb-border-radius-bottom-right:0px;--awb-border-radius-bottom-left:0px;--awb-flex-wrap:wrap;\" ><div class=\"fusion-builder-row fusion-row fusion-flex-align-items-flex-start fusion-flex-content-wrap\" style=\"max-width:1248px;margin-left: calc(-4% \/ 2 );margin-right: calc(-4% \/ 2 );\"><div class=\"fusion-layout-column fusion_builder_column fusion-builder-column-0 fusion_builder_column_2_3 2_3 fusion-flex-column\" style=\"--awb-bg-size:cover;--awb-width-large:66.666666666667%;--awb-margin-top-large:0px;--awb-spacing-right-large:2.88%;--awb-margin-bottom-large:20px;--awb-spacing-left-large:2.88%;--awb-width-medium:66.666666666667%;--awb-order-medium:0;--awb-spacing-right-medium:2.88%;--awb-spacing-left-medium:2.88%;--awb-width-small:100%;--awb-order-small:0;--awb-spacing-right-small:1.92%;--awb-spacing-left-small:1.92%;\"><div class=\"fusion-column-wrapper fusion-column-has-shadow fusion-flex-justify-content-flex-start fusion-content-layout-column\"><div class=\"fusion-text fusion-text-1\"><div class=\"title\">\n<p class=\"lead\"><strong>Una nuova ricerca di S\u00e9bastien Peter* &#8211; Le politiche Culturali in Ticino &#8211; per lo Zurich Centre for Creative Economies dell&#8217;Universit\u00e0 delle Arti di Zurigo (ZCCE\/ZHdK) \u00e8 stata pubblicata a Gennaio 2024. L&#8217;obiettivo di questo studio \u00e8 quello di tracciare una mappa del settore per evidenziare le principali tendenze storiche.<\/strong><\/p>\n<\/div>\n<div class=\"rich-text\">\n<p>Situato a met\u00e0 strada tra la Svizzera tedesca e la Lombardia, il Ticino \u00e8 l&#8217;unico cantone della Svizzera in cui l&#8217;italiano \u00e8 l&#8217;unica lingua ufficiale. La costituzione cantonale del Ticino rivendica la missione storica di rappresentare la cultura e la lingua italiana a livello federale. La cultura diventa quindi una questione politica importante, unica in Svizzera, e funge da vettore e di legittimit\u00e0 politica e di riconoscimento dell&#8217;identit\u00e0 con complessi retaggi storici. Permette inoltre di comprendere l&#8217;applicazione del concetto di &#8220;soft power&#8221; nel contesto di una specifica regione linguistica e situazione politica locale, quella di una minoranza linguistica e culturale, e di tracciarne l&#8217;evoluzione nel corso della storia cantonale. Al momento della sua fondazione, nel 1803, il Canton Ticino ha dovuto affrontare notevoli tensioni, alimentate dal suo status di regione povera, frammentata e periferica. \u00c8 solo all&#8217;inizio del XXI secolo si pu\u00f2 osservare una vera e propria strategia in campo culturale a livello cittadino, con sforzi di costruire un&#8217;identit\u00e0 locale e un posizionamento competitivo in relazione al turismo e all&#8217;economia. Durante questo periodo il Ticino \u00e8 stato soggetto a forze centrifughe. Le tensioni con la Svizzera tedesca e l&#8217;ascesa del fascismo in Italia hanno portato alla definizione di un quadro di intervento in ambito culturale, incentrato sulla valorizzazione delle identit\u00e0 locali. La politica culturale cantonale \u00e8 stata cos\u00ec concepita fin dall&#8217;inizio come uno strumento di soft power rivolto alla popolazione ticinese, agli altri Cantoni, alla Confederazione e alla vicina Italia.<\/p>\n<p>L&#8217;articolo evidenzia una marcata persistenza di questo orientamento fino ai giorni nostri. Su di un articolo apparso sul settimanale La Domenica del 4 Febbraio 2024, a proposito di questo studio, S\u00e9bastien Peter conclude: \u201cGli strumenti di sostegno agli operatori culturali che sono in particolare al di fuori dei settori istituzionali sono rari e poco strutturati\u201d e aggiunge \u201cDopo aver sviluppato negli ultimi decenni una solida rete di istituzioni culturali (&#8230;) Il Ticino dovrebbe abbracciare una nuova grande sfida culturale come nel resto della Svizzera, sviluppare sostegni chiari e strutturati a favore degli artisti contemporanei attivi sul territorio\u201d. A buon intenditore, poche parole. Complimenti a Peter per aiutarci a capire meglio le origini delle politiche culturali ticinesi, includendo la situazione attuale, mettendo in risalto i suoi pregi ma soprattutto le sue lacune, e proponendo delle soluzioni.<\/p>\n<p>*S\u00e9bastien Peter &#8211; \u00e8 uno specialista in promozione culturale con un significativo importante background professionale in diversi enti di promozione culturale in Ticino e in Svizzera. Oggi direttore dei servizi culturali della citt\u00e0 di Locarno.<\/p>\n<p><a href=\"https:\/\/www.dansesuisse.ch\/it\/news\/le-politiche-culturali-in-ticino\">Testo di Filippo Armati tratto da Dansesuisse.ch<\/a><\/p>\n<\/div>\n<\/div><\/div><\/div><div class=\"fusion-layout-column fusion_builder_column fusion-builder-column-1 fusion_builder_column_1_3 1_3 fusion-flex-column\" style=\"--awb-bg-size:cover;--awb-width-large:33.333333333333%;--awb-margin-top-large:0px;--awb-spacing-right-large:5.76%;--awb-margin-bottom-large:20px;--awb-spacing-left-large:5.76%;--awb-width-medium:33.333333333333%;--awb-order-medium:0;--awb-spacing-right-medium:5.76%;--awb-spacing-left-medium:5.76%;--awb-width-small:100%;--awb-order-small:0;--awb-spacing-right-small:1.92%;--awb-spacing-left-small:1.92%;\"><div class=\"fusion-column-wrapper fusion-column-has-shadow fusion-flex-justify-content-flex-start fusion-content-layout-column\"><div class=\"fusion-image-element\" style=\"--awb-caption-title-font-family:var(--h2_typography-font-family);--awb-caption-title-font-weight:var(--h2_typography-font-weight);--awb-caption-title-font-style:var(--h2_typography-font-style);--awb-caption-title-size:var(--h2_typography-font-size);--awb-caption-title-transform:var(--h2_typography-text-transform);--awb-caption-title-line-height:var(--h2_typography-line-height);--awb-caption-title-letter-spacing:var(--h2_typography-letter-spacing);\"><span class=\" fusion-imageframe imageframe-none imageframe-1 hover-type-none\"><img decoding=\"async\" width=\"1024\" height=\"576\" title=\"politiche culturali in ticino\" src=\"https:\/\/associazioneidra.ch\/wp-content\/uploads\/2024\/03\/politiche-culturali-in-ticino-1024x576.jpg\" alt class=\"img-responsive wp-image-139\" srcset=\"https:\/\/associazioneidra.ch\/wp-content\/uploads\/2024\/03\/politiche-culturali-in-ticino-200x113.jpg 200w, https:\/\/associazioneidra.ch\/wp-content\/uploads\/2024\/03\/politiche-culturali-in-ticino-400x225.jpg 400w, https:\/\/associazioneidra.ch\/wp-content\/uploads\/2024\/03\/politiche-culturali-in-ticino-600x338.jpg 600w, https:\/\/associazioneidra.ch\/wp-content\/uploads\/2024\/03\/politiche-culturali-in-ticino-800x450.jpg 800w, https:\/\/associazioneidra.ch\/wp-content\/uploads\/2024\/03\/politiche-culturali-in-ticino-1200x675.jpg 1200w, https:\/\/associazioneidra.ch\/wp-content\/uploads\/2024\/03\/politiche-culturali-in-ticino.jpg 1920w\" sizes=\"(max-width: 640px) 100vw, 400px\" \/><\/span><\/div><div class=\"fusion-reading-box-container reading-box-container-1\" style=\"--awb-title-color:var(--awb-color8);--awb-margin-top:0px;--awb-margin-bottom:20px;\"><div class=\"reading-box\" style=\"background-color:var(--awb-color2);border-width:1px;border-color:rgba(226,226,226,0);border-left-width:3px;border-left-color:var(--primary_color);border-style:solid;\"><div class=\"reading-box-additional\">\n<ul>\n<li><a class=\"a-external\" href=\"https:\/\/creativeeconomies.com\/cultural-policies-in-ticino\/\" target=\"_blank\" rel=\"noopener\">Maggiori informazioni<\/a><\/li>\n<li><a href=\"https:\/\/creativeeconomies.com\/wp-content\/uploads\/2024\/01\/SebastienPeter_PapierTessinOK.pdf\">Scarica il pdf<\/a><\/li>\n<\/ul>\n<\/div><div class=\"fusion-clearfix\"><\/div><\/div><\/div><\/div><\/div><\/div><\/div>\n","protected":false},"excerpt":{"rendered":"","protected":false},"author":2,"featured_media":139,"comment_status":"closed","ping_status":"closed","sticky":false,"template":"","format":"standard","meta":{"footnotes":""},"categories":[2,6],"tags":[],"class_list":["post-128","post","type-post","status-publish","format-standard","has-post-thumbnail","hentry","category-news","category-studi"],"_links":{"self":[{"href":"https:\/\/associazioneidra.ch\/index.php?rest_route=\/wp\/v2\/posts\/128","targetHints":{"allow":["GET"]}}],"collection":[{"href":"https:\/\/associazioneidra.ch\/index.php?rest_route=\/wp\/v2\/posts"}],"about":[{"href":"https:\/\/associazioneidra.ch\/index.php?rest_route=\/wp\/v2\/types\/post"}],"author":[{"embeddable":true,"href":"https:\/\/associazioneidra.ch\/index.php?rest_route=\/wp\/v2\/users\/2"}],"replies":[{"embeddable":true,"href":"https:\/\/associazioneidra.ch\/index.php?rest_route=%2Fwp%2Fv2%2Fcomments&post=128"}],"version-history":[{"count":4,"href":"https:\/\/associazioneidra.ch\/index.php?rest_route=\/wp\/v2\/posts\/128\/revisions"}],"predecessor-version":[{"id":176,"href":"https:\/\/associazioneidra.ch\/index.php?rest_route=\/wp\/v2\/posts\/128\/revisions\/176"}],"wp:featuredmedia":[{"embeddable":true,"href":"https:\/\/associazioneidra.ch\/index.php?rest_route=\/wp\/v2\/media\/139"}],"wp:attachment":[{"href":"https:\/\/associazioneidra.ch\/index.php?rest_route=%2Fwp%2Fv2%2Fmedia&parent=128"}],"wp:term":[{"taxonomy":"category","embeddable":true,"href":"https:\/\/associazioneidra.ch\/index.php?rest_route=%2Fwp%2Fv2%2Fcategories&post=128"},{"taxonomy":"post_tag","embeddable":true,"href":"https:\/\/associazioneidra.ch\/index.php?rest_route=%2Fwp%2Fv2%2Ftags&post=128"}],"curies":[{"name":"wp","href":"https:\/\/api.w.org\/{rel}","templated":true}]}}