{"id":130,"date":"2024-04-06T13:45:43","date_gmt":"2024-04-06T13:45:43","guid":{"rendered":"https:\/\/associazioneidra.ch\/?p=130"},"modified":"2024-05-25T09:28:23","modified_gmt":"2024-05-25T09:28:23","slug":"la-straordinaria-al-circolo-carlo-vanza","status":"publish","type":"post","link":"https:\/\/associazioneidra.ch\/?p=130","title":{"rendered":"Presentazione di Idra al Circolo Carlo Vanza"},"content":{"rendered":"<h3>Sabato 6 aprile 2024 alle 16\u201930 al Circolo Carlo Vanza di Bellinzona (Via Convento 4)<\/h3>\n<p><img decoding=\"async\" class=\"alignright wp-image-132 size-medium\" src=\"https:\/\/associazioneidra.ch\/wp-content\/uploads\/2024\/04\/ccvaprile2024-217x300.jpg\" alt=\"\" width=\"217\" height=\"300\" srcset=\"https:\/\/associazioneidra.ch\/wp-content\/uploads\/2024\/04\/ccvaprile2024-200x277.jpg 200w, https:\/\/associazioneidra.ch\/wp-content\/uploads\/2024\/04\/ccvaprile2024-217x300.jpg 217w, https:\/\/associazioneidra.ch\/wp-content\/uploads\/2024\/04\/ccvaprile2024-400x554.jpg 400w, https:\/\/associazioneidra.ch\/wp-content\/uploads\/2024\/04\/ccvaprile2024-600x831.jpg 600w, https:\/\/associazioneidra.ch\/wp-content\/uploads\/2024\/04\/ccvaprile2024-739x1024.jpg 739w, https:\/\/associazioneidra.ch\/wp-content\/uploads\/2024\/04\/ccvaprile2024-768x1064.jpg 768w, https:\/\/associazioneidra.ch\/wp-content\/uploads\/2024\/04\/ccvaprile2024-800x1108.jpg 800w, https:\/\/associazioneidra.ch\/wp-content\/uploads\/2024\/04\/ccvaprile2024.jpg 1080w\" sizes=\"(max-width: 217px) 100vw, 217px\" \/>Il progetto \u201cLa Straordinaria \u2013 Tour Vagabonde\u201d ha dimostrato che la cultura indipendente costituisce un fondamentale motore culturale, economico e sociale per il nostro Cantone.<\/p>\n<p>Come gi\u00e0 avviene nelle principali citt\u00e0 svizzere, \u00e8 essenziale adattare i processi di sostegno e il quadro normativo applicato a tale cultura anche a Lugano e in tutta la Svizzera italiana. Citt\u00e0, comuni e Cantone devono riconoscere che la cultura richiesta e vissuta dalla popolazione non si trova solo nelle grandi istituzioni, ma in numerosi progetti indipendenti sviluppati in ambito associativo. Tale cultura indipendente merita dunque riconoscimento e un sostegno concreto! Tramite la scrittura della Carta della Gerra si \u00e8 dato vita ad un percorso di rivendicazioni collettive che ha coinvolto oltre settecento gruppi, associazioni, collettivi e operatori e operatrici culturali.<\/p>\n<p>Siamo stati invitati a parlarne sabato 6 aprile 2024 al Circolo Carlo Vanza di Bellinzona. Segue rinfresco.<\/p>\n<ul>\n<li><a href=\"https:\/\/www.olmocerri.ch\/wp-content\/uploads\/Locandina_Straordinaria_Carta_Gerra.pdf\">Locandina_Straordinaria_Carta_Gerra<\/a><\/li>\n<\/ul>\n","protected":false},"excerpt":{"rendered":"<p>Sabato 6 aprile 2024 alle 16\u201930 al Circolo Carlo Vanza  [&#8230;]<\/p>\n","protected":false},"author":2,"featured_media":332,"comment_status":"closed","ping_status":"closed","sticky":false,"template":"","format":"standard","meta":{"footnotes":""},"categories":[5,2],"tags":[],"class_list":["post-130","post","type-post","status-publish","format-standard","has-post-thumbnail","hentry","category-eventi","category-news"],"_links":{"self":[{"href":"https:\/\/associazioneidra.ch\/index.php?rest_route=\/wp\/v2\/posts\/130","targetHints":{"allow":["GET"]}}],"collection":[{"href":"https:\/\/associazioneidra.ch\/index.php?rest_route=\/wp\/v2\/posts"}],"about":[{"href":"https:\/\/associazioneidra.ch\/index.php?rest_route=\/wp\/v2\/types\/post"}],"author":[{"embeddable":true,"href":"https:\/\/associazioneidra.ch\/index.php?rest_route=\/wp\/v2\/users\/2"}],"replies":[{"embeddable":true,"href":"https:\/\/associazioneidra.ch\/index.php?rest_route=%2Fwp%2Fv2%2Fcomments&post=130"}],"version-history":[{"count":3,"href":"https:\/\/associazioneidra.ch\/index.php?rest_route=\/wp\/v2\/posts\/130\/revisions"}],"predecessor-version":[{"id":333,"href":"https:\/\/associazioneidra.ch\/index.php?rest_route=\/wp\/v2\/posts\/130\/revisions\/333"}],"wp:featuredmedia":[{"embeddable":true,"href":"https:\/\/associazioneidra.ch\/index.php?rest_route=\/wp\/v2\/media\/332"}],"wp:attachment":[{"href":"https:\/\/associazioneidra.ch\/index.php?rest_route=%2Fwp%2Fv2%2Fmedia&parent=130"}],"wp:term":[{"taxonomy":"category","embeddable":true,"href":"https:\/\/associazioneidra.ch\/index.php?rest_route=%2Fwp%2Fv2%2Fcategories&post=130"},{"taxonomy":"post_tag","embeddable":true,"href":"https:\/\/associazioneidra.ch\/index.php?rest_route=%2Fwp%2Fv2%2Ftags&post=130"}],"curies":[{"name":"wp","href":"https:\/\/api.w.org\/{rel}","templated":true}]}}