{"id":28,"date":"2024-02-07T16:37:07","date_gmt":"2024-02-07T16:37:07","guid":{"rendered":"https:\/\/associazioneidra.ch\/?p=28"},"modified":"2026-03-31T19:35:12","modified_gmt":"2026-03-31T19:35:12","slug":"rapporto-di-chiusura","status":"publish","type":"post","link":"https:\/\/associazioneidra.ch\/?p=28","title":{"rendered":"La Straordinaria: rapporto di chiusura"},"content":{"rendered":"<div class=\"fusion-fullwidth fullwidth-box fusion-builder-row-1 fusion-flex-container has-pattern-background has-mask-background nonhundred-percent-fullwidth non-hundred-percent-height-scrolling\" style=\"--awb-border-radius-top-left:0px;--awb-border-radius-top-right:0px;--awb-border-radius-bottom-right:0px;--awb-border-radius-bottom-left:0px;--awb-flex-wrap:wrap;\" ><div class=\"fusion-builder-row fusion-row fusion-flex-align-items-flex-start fusion-flex-content-wrap\" style=\"max-width:1248px;margin-left: calc(-4% \/ 2 );margin-right: calc(-4% \/ 2 );\"><div class=\"fusion-layout-column fusion_builder_column fusion-builder-column-0 fusion_builder_column_2_3 2_3 fusion-flex-column\" style=\"--awb-bg-size:cover;--awb-width-large:66.666666666667%;--awb-margin-top-large:0px;--awb-spacing-right-large:2.88%;--awb-margin-bottom-large:20px;--awb-spacing-left-large:2.88%;--awb-width-medium:66.666666666667%;--awb-order-medium:0;--awb-spacing-right-medium:2.88%;--awb-spacing-left-medium:2.88%;--awb-width-small:100%;--awb-order-small:0;--awb-spacing-right-small:1.92%;--awb-spacing-left-small:1.92%;\"><div class=\"fusion-column-wrapper fusion-column-has-shadow fusion-flex-justify-content-flex-start fusion-content-layout-column\"><div class=\"fusion-text fusion-text-1\"><p class=\"elementor-heading-title elementor-size-default\"><strong>Una raccolta di analisi e approfondimenti dei contenuti e dei risultati prodotti in occasione de La Straordinaria.<\/strong><\/p>\n<p>In 67 giorni di apertura (tra fine dicembre 2022 e marzo 2023) la manifestazione ha ospitato pi\u00f9 di 135 progetti socio-culturali: 51 concerti, 15 performance, 23 proiezioni, 12 progetti legati alla poesia, 6 dedicati alle arti visive, 4 incontri di mediazione, 20 eventi dedicati alla socialit\u00e0 e 7 laboratori didattici. L\u2019agenda culturale ha coinvolto oltre 270 artiste e artisti, il 36% provenienti dalla Svizzera italiana, il 34% dal resto della Svizzera e il 30% provenienti dall\u2019estero. Il programma \u00e8 stato organizzato in collaborazione con oltre 45 associazioni ed enti culturali presenti sul territorio, concedendo uno spazio inclusivo e di aggregazione che ha avvicinato un pubblico di circa 30\u2019000 persone. Il programma musicale \u00e8 stato il pi\u00f9 seguito con il 39% delle partecipazioni, seguito dai programmi dedicati al teatro con il 13% e al cinema con il 7%. Segue il programma legato alla poesia con il 5% delle partecipazioni e infine quello alle arti visive con il 4%.<\/p>\n<p>Gli eventi dedicati alla mediazione, didattica e socialit\u00e0 hanno completato le visite con l\u2019importante partecipazione del 16%. Si stimano ad oltre il 16% le frequentazioni durante gli orari diurni.<\/p>\n<p>Per riuscire a garantire la qualit\u00e0 del servizio e dell\u2019offerta l\u2019associazione ha impiegato 20 dipendenti, rispettando le direttive correnti e versando salari in linea con il settore, per un totale al netto di 79\u2019766.- CHF e contributi sociali per 13\u2019730.- CHF. Inoltre \u00e8 riuscita a coinvolgere oltre 75 lavoratori indipendenti e pi\u00f9 di 110 imprese svizzere, generando un indotto economico complessivo di circa 590\u2019000.-CHF. Il progetto \u00e8 stato sostenuto da 17 enti pubblici e privati, grazie ad un sano rapporto tra il valore dei contributi ricevuti 222\u2019000.- CHF (suddivisi tra enti pubblici 100\u2019000.-CHF e fondazioni private 122\u2019000.-CHF) e il valore produttivo dell\u2019attivit\u00e0 di 454\u2019565.- CHF, il progetto \u00e8 riuscito a raggiungere un grado di autofinanziamento di oltre il 67%, chiudendo il conto economico a pareggio per un totale di 676\u2019565.- CHF. Le spese dell\u2019attivit\u00e0 sono state equamente distribuite tra le voci di bilancio riuscendo a non penalizzare nessun settore di investimento. Le spese legate alla programmazione hanno rappresentato il 22% dei costi complessivi, le spese legate al personale operativo il 20%, i costi infrastrutturali hanno inciso del 17%, gli acquisti sono stati al 19% ed il restante 22% ha rappresentato l\u2019insieme di tutte le altre spese di gestione.<\/p>\n<p>Il progetto \u201cLa Straordinaria &#8211; Tour Vagabonde\u201d, con oltre 30.000 visitatori, ha dimostrato con successo che la cultura indipendente costituisce un fondamentale motore culturale, economico e sociale per il nostro Cantone. Come gi\u00e0 avviene nelle principali citt\u00e0 svizzere, \u00e8 essenziale adattare i processi di sostegno e il quadro normativo applicato a tale cultura anche a Lugano e in tutta la Svizzera italiana. Citt\u00e0, comuni e Cantone devono riconoscere che la cultura richiesta e vissuta dalla popolazione non si trova solo nelle grandi istituzioni, ma in numerosi progetti indipendenti sviluppati in ambito associativo. Tale cultura indipendente merita dunque riconoscimento e un sostegno commisurato a quello delle grandi istituzioni.<\/p>\n<p><iframe title=\"YouTube video player\" src=\"https:\/\/www.youtube.com\/embed\/fIO-96eXV4Q?si=0YD1H4zvsN4RIA3N\" width=\"560\" height=\"315\" frameborder=\"0\" allowfullscreen=\"allowfullscreen\"><\/iframe><\/p>\n<\/div><\/div><\/div><div class=\"fusion-layout-column fusion_builder_column fusion-builder-column-1 fusion_builder_column_1_3 1_3 fusion-flex-column\" style=\"--awb-bg-size:cover;--awb-width-large:33.333333333333%;--awb-margin-top-large:0px;--awb-spacing-right-large:5.76%;--awb-margin-bottom-large:20px;--awb-spacing-left-large:5.76%;--awb-width-medium:33.333333333333%;--awb-order-medium:0;--awb-spacing-right-medium:5.76%;--awb-spacing-left-medium:5.76%;--awb-width-small:100%;--awb-order-small:0;--awb-spacing-right-small:1.92%;--awb-spacing-left-small:1.92%;\"><div class=\"fusion-column-wrapper fusion-column-has-shadow fusion-flex-justify-content-flex-start fusion-content-layout-column\"><div class=\"fusion-image-element\" style=\"--awb-caption-title-font-family:var(--h2_typography-font-family);--awb-caption-title-font-weight:var(--h2_typography-font-weight);--awb-caption-title-font-style:var(--h2_typography-font-style);--awb-caption-title-size:var(--h2_typography-font-size);--awb-caption-title-transform:var(--h2_typography-text-transform);--awb-caption-title-line-height:var(--h2_typography-line-height);--awb-caption-title-letter-spacing:var(--h2_typography-letter-spacing);\"><span class=\" fusion-imageframe imageframe-none imageframe-1 hover-type-none\"><img decoding=\"async\" width=\"1024\" height=\"576\" title=\"e dopo questo\" src=\"https:\/\/associazioneidra.ch\/wp-content\/uploads\/2024\/05\/e-dopo-questo-1024x576.jpg\" alt class=\"img-responsive wp-image-163\" srcset=\"https:\/\/associazioneidra.ch\/wp-content\/uploads\/2024\/05\/e-dopo-questo-200x113.jpg 200w, https:\/\/associazioneidra.ch\/wp-content\/uploads\/2024\/05\/e-dopo-questo-400x225.jpg 400w, https:\/\/associazioneidra.ch\/wp-content\/uploads\/2024\/05\/e-dopo-questo-600x338.jpg 600w, https:\/\/associazioneidra.ch\/wp-content\/uploads\/2024\/05\/e-dopo-questo-800x450.jpg 800w, https:\/\/associazioneidra.ch\/wp-content\/uploads\/2024\/05\/e-dopo-questo-1200x675.jpg 1200w, https:\/\/associazioneidra.ch\/wp-content\/uploads\/2024\/05\/e-dopo-questo.jpg 1920w\" sizes=\"(max-width: 640px) 100vw, 400px\" \/><\/span><\/div><div class=\"fusion-image-element\" style=\"--awb-margin-top:25px;--awb-margin-bottom:25px;--awb-caption-title-font-family:var(--h2_typography-font-family);--awb-caption-title-font-weight:var(--h2_typography-font-weight);--awb-caption-title-font-style:var(--h2_typography-font-style);--awb-caption-title-size:var(--h2_typography-font-size);--awb-caption-title-transform:var(--h2_typography-text-transform);--awb-caption-title-line-height:var(--h2_typography-line-height);--awb-caption-title-letter-spacing:var(--h2_typography-letter-spacing);\"><span class=\" fusion-imageframe imageframe-none imageframe-2 hover-type-none\"><img decoding=\"async\" width=\"1024\" height=\"576\" title=\"lastraordinaria-1\" src=\"https:\/\/associazioneidra.ch\/wp-content\/uploads\/2024\/05\/lastraordinaria-1-1024x576.jpg\" alt class=\"img-responsive wp-image-17\" srcset=\"https:\/\/associazioneidra.ch\/wp-content\/uploads\/2024\/05\/lastraordinaria-1-200x113.jpg 200w, https:\/\/associazioneidra.ch\/wp-content\/uploads\/2024\/05\/lastraordinaria-1-400x225.jpg 400w, https:\/\/associazioneidra.ch\/wp-content\/uploads\/2024\/05\/lastraordinaria-1-600x338.jpg 600w, https:\/\/associazioneidra.ch\/wp-content\/uploads\/2024\/05\/lastraordinaria-1-800x450.jpg 800w, https:\/\/associazioneidra.ch\/wp-content\/uploads\/2024\/05\/lastraordinaria-1-1200x675.jpg 1200w, https:\/\/associazioneidra.ch\/wp-content\/uploads\/2024\/05\/lastraordinaria-1.jpg 1920w\" sizes=\"(max-width: 640px) 100vw, 400px\" \/><\/span><\/div><div class=\"fusion-image-element\" style=\"--awb-margin-top:25px;--awb-margin-bottom:25px;--awb-caption-title-font-family:var(--h2_typography-font-family);--awb-caption-title-font-weight:var(--h2_typography-font-weight);--awb-caption-title-font-style:var(--h2_typography-font-style);--awb-caption-title-size:var(--h2_typography-font-size);--awb-caption-title-transform:var(--h2_typography-text-transform);--awb-caption-title-line-height:var(--h2_typography-line-height);--awb-caption-title-letter-spacing:var(--h2_typography-letter-spacing);\"><span class=\" fusion-imageframe imageframe-none imageframe-3 hover-type-none\"><img decoding=\"async\" width=\"1024\" height=\"576\" title=\"torre piena\" src=\"https:\/\/associazioneidra.ch\/wp-content\/uploads\/2024\/02\/torre-piena-1024x576.jpg\" alt class=\"img-responsive wp-image-209\" srcset=\"https:\/\/associazioneidra.ch\/wp-content\/uploads\/2024\/02\/torre-piena-200x113.jpg 200w, https:\/\/associazioneidra.ch\/wp-content\/uploads\/2024\/02\/torre-piena-400x225.jpg 400w, https:\/\/associazioneidra.ch\/wp-content\/uploads\/2024\/02\/torre-piena-600x338.jpg 600w, https:\/\/associazioneidra.ch\/wp-content\/uploads\/2024\/02\/torre-piena-800x450.jpg 800w, https:\/\/associazioneidra.ch\/wp-content\/uploads\/2024\/02\/torre-piena-1200x675.jpg 1200w, https:\/\/associazioneidra.ch\/wp-content\/uploads\/2024\/02\/torre-piena.jpg 1920w\" sizes=\"(max-width: 640px) 100vw, 400px\" \/><\/span><\/div><div class=\"fusion-reading-box-container reading-box-container-1\" style=\"--awb-title-color:var(--awb-color8);--awb-margin-top:0px;--awb-margin-bottom:20px;\"><div class=\"reading-box\" style=\"background-color:var(--awb-color2);border-width:1px;border-color:rgba(226,226,226,0);border-left-width:3px;border-left-color:var(--primary_color);border-style:solid;padding-top:25px;\"><div class=\"reading-box-additional\">\n<ul>\n<li><a href=\"https:\/\/associazioneidra.ch\/wp-content\/uploads\/2024\/05\/Tour-Vagabonde-Dossier-chiusura-2023-Light.pdf\">Scarica il rapporto di chiusura<\/a> (pdf)<\/li>\n<\/ul>\n<\/div><div class=\"fusion-clearfix\"><\/div><\/div><\/div><\/div><\/div><\/div><\/div>\n","protected":false},"excerpt":{"rendered":"","protected":false},"author":2,"featured_media":14,"comment_status":"open","ping_status":"closed","sticky":false,"template":"","format":"standard","meta":{"footnotes":""},"categories":[2,6],"tags":[],"class_list":["post-28","post","type-post","status-publish","format-standard","has-post-thumbnail","hentry","category-news","category-studi"],"_links":{"self":[{"href":"https:\/\/associazioneidra.ch\/index.php?rest_route=\/wp\/v2\/posts\/28","targetHints":{"allow":["GET"]}}],"collection":[{"href":"https:\/\/associazioneidra.ch\/index.php?rest_route=\/wp\/v2\/posts"}],"about":[{"href":"https:\/\/associazioneidra.ch\/index.php?rest_route=\/wp\/v2\/types\/post"}],"author":[{"embeddable":true,"href":"https:\/\/associazioneidra.ch\/index.php?rest_route=\/wp\/v2\/users\/2"}],"replies":[{"embeddable":true,"href":"https:\/\/associazioneidra.ch\/index.php?rest_route=%2Fwp%2Fv2%2Fcomments&post=28"}],"version-history":[{"count":9,"href":"https:\/\/associazioneidra.ch\/index.php?rest_route=\/wp\/v2\/posts\/28\/revisions"}],"predecessor-version":[{"id":979,"href":"https:\/\/associazioneidra.ch\/index.php?rest_route=\/wp\/v2\/posts\/28\/revisions\/979"}],"wp:featuredmedia":[{"embeddable":true,"href":"https:\/\/associazioneidra.ch\/index.php?rest_route=\/wp\/v2\/media\/14"}],"wp:attachment":[{"href":"https:\/\/associazioneidra.ch\/index.php?rest_route=%2Fwp%2Fv2%2Fmedia&parent=28"}],"wp:term":[{"taxonomy":"category","embeddable":true,"href":"https:\/\/associazioneidra.ch\/index.php?rest_route=%2Fwp%2Fv2%2Fcategories&post=28"},{"taxonomy":"post_tag","embeddable":true,"href":"https:\/\/associazioneidra.ch\/index.php?rest_route=%2Fwp%2Fv2%2Ftags&post=28"}],"curies":[{"name":"wp","href":"https:\/\/api.w.org\/{rel}","templated":true}]}}