{"id":306,"date":"2024-05-20T11:06:27","date_gmt":"2024-05-20T11:06:27","guid":{"rendered":"https:\/\/associazioneidra.ch\/?p=306"},"modified":"2024-05-20T15:20:09","modified_gmt":"2024-05-20T15:20:09","slug":"teatro-in-ticino-2034-tavola-rotonda","status":"publish","type":"post","link":"https:\/\/associazioneidra.ch\/?p=306","title":{"rendered":"Teatro in Ticino 2034: tavola rotonda"},"content":{"rendered":"<p><strong>Aperitivo: 16:30h, tavola rotanda \/podium: 17-19h<br \/>\n<\/strong><strong>SAB 25.05. \u2014 16:30\u201319:00 \u2014\u00a0<a href=\"https:\/\/journees-theatre-suisse.ch\/it\/infos-pratiques\/luoghi.html\">LAC LUGANO, SALA 1<\/a>\u00a0<\/strong><strong>\u2013 IN FRANCESE, TEDESCO, ITALIANO<\/strong><\/p>\n<p><strong>Il Ticino sboccia! Negli ultimi anni in Ticino sono successe molte cose: una nuova generazione di artiste e artisti \u00e8 impegnata nella trasformazione del panorama teatrale del Cantone e punta a ringiovanirlo, renderlo pi\u00f9 dinamico, pi\u00f9 inserito e a farlo conoscere oltre i confini cantonali e nazionali. In quanto parte di una scena teatrale svizzera plurilingue, innovativa e diversificata. \u00a0<\/strong><\/p>\n<p>Riunite-i sotto l\u2019associazione inclusiva \u00abIdra\u00bb, nel 2023 per tre mesi a Lugano, artiste-i e operatori-trici culturali ticinesi hanno portato in scena con successo \u00abLa Straordinaria \u2013 Tour Vagabonde\u00bb mettendo in evidenza in modo creativo il bisogno di riconoscimento da parte della scena indipendente in Ticino. Un riconoscimento che si traduce non da ultimo nella disponibilit\u00e0 di luoghi per le rappresentazioni e in un finanziamento adeguato. Da questo movimento \u00e8 nata la\u00a0<a href=\"https:\/\/lastraordinaria.ch\/wp-content\/uploads\/2024\/02\/Associazione-Idra-Carta-della-Gerra-2024.pdf\">Carta della Gerra<\/a>, sottoscritta da pi\u00f9 di 700 persone, associazioni e gruppi.<\/p>\n<p>Nel 2022 \u00abTicino is Burning\u00bb \u00e8 stato insignito del Premio svizzero delle arti sceniche e continua a dare un importante contributo sotto forma di attivismo artistico per stabilire una rete di contatti della scena artistica. L\u2019anno scorso, il Premio \u00e8 stato conferito a Tiziana Conte per il suo impegno a favore della danza in Ticino (tra gli altri, anche con l\u2019innovativa piattaforma \u00abIsadora Danza\u00bb). Il progetto Zona\u2019B propone nuovi modi di fare rete e di oltrepassare i confini cantonali.<\/p>\n<p>Le istituzioni e i festival in Ticino si collegano sempre di pi\u00f9 con artiste e artisti indipendenti e con iniziative e reti a livello nazionale contribuendo cos\u00ec a dare visibilit\u00e0 alla scena di lingua italiana oltre i confini regionali. Anche il sostegno cantonale alla cultura si \u00e8 dato per la prima volta delle\u00a0<a href=\"https:\/\/www4.ti.ch\/fileadmin\/DECS\/downloads\/Linee_programmatiche_cantonali_di_politica_culturale_2024-2027.pdf\">linee programmatiche<\/a>.<\/p>\n<p>Con \u00abFuturo!\u00bb, il nostro motto per quest\u2019anno, ci proietteremo nel 2034 e daremo la parola ai e alle rappresentanti di iniziative attive: dove auspicano che sia la scena teatrale ticinese tra 10 anni? Nel panel a seguire e insieme al pubblico discuteremo di queste visioni e di come realizzarle nel pi\u00f9 breve tempo possibile.<\/p>\n<p><strong>Ospiti della tavola rotonda:<br \/>\n<\/strong><strong>Paola Costantini<\/strong>\u00a0(capoufficio del sostegno alla cultura della Repubblica e Cantone Ticino),\u00a0<strong>Felizitas Ammann<\/strong>\u00a0(capoufficio del settore Arti sceniche di Pro Helvetia),\u00a0<strong>Marco Cupellari<\/strong>\u00a0(t.Svizzera italiana, Spazio ELLE \u2013 Locarno),\u00a0<strong>Noah Satori<\/strong>\u00a0(Associazione Idra)<\/p>\n<p><strong>Brevi input:<br \/>\n<\/strong>Tiziana Conte (Isadora Danza), Elena Boillat (Ticino is Burning), \u00a0Dr. Veronica Provenzale (Accademia Dimitri), Raissa Avil\u00e8s (ZONA&#8217;B &#8211; piattaforma artistica Bellinzona)<\/p>\n<p><strong>Conducono:<br \/>\n<\/strong>Cristina Galbiati (t. Professioni dello spettacolo Svizzera \/ Trickster-p) &amp; Julie Paucker (Giornate del Teatro Svizzero)<\/p>\n<p>&nbsp;<\/p>\n<p>La partecipazione \u00e8 gratuita. Il numero di posti \u00e8 limitato.<\/p>\n<p><strong>Registrazione per gli artisti e persone interessati via\u00a0<\/strong><strong>mail a:<\/strong>\u00a0<a class=\"ik-text-editor__link\" href=\"mailto:admin@giornate-teatro-svizzero.ch\" rel=\"noopener noreferrer\">admin@giornate-teatro-svizzero.ch<\/a><\/p>\n<p><strong>Registrazione per gli programmatori-trici<\/strong>:\u00a0<a href=\"https:\/\/journees-theatre-suisse.ch\/it\/infos-pratiques\/pour-les-programmat-eurs-rices.html\" target=\"_blank\" rel=\"noopener\">qui<\/a><\/p>\n","protected":false},"excerpt":{"rendered":"<p>Aperitivo: 16:30h, tavola rotanda \/podium: 17-19h SAB 25.05. \u2014 16:30\u201319:00  [&#8230;]<\/p>\n","protected":false},"author":2,"featured_media":307,"comment_status":"closed","ping_status":"closed","sticky":false,"template":"","format":"standard","meta":{"footnotes":""},"categories":[5,2],"tags":[],"class_list":["post-306","post","type-post","status-publish","format-standard","has-post-thumbnail","hentry","category-eventi","category-news"],"_links":{"self":[{"href":"https:\/\/associazioneidra.ch\/index.php?rest_route=\/wp\/v2\/posts\/306","targetHints":{"allow":["GET"]}}],"collection":[{"href":"https:\/\/associazioneidra.ch\/index.php?rest_route=\/wp\/v2\/posts"}],"about":[{"href":"https:\/\/associazioneidra.ch\/index.php?rest_route=\/wp\/v2\/types\/post"}],"author":[{"embeddable":true,"href":"https:\/\/associazioneidra.ch\/index.php?rest_route=\/wp\/v2\/users\/2"}],"replies":[{"embeddable":true,"href":"https:\/\/associazioneidra.ch\/index.php?rest_route=%2Fwp%2Fv2%2Fcomments&post=306"}],"version-history":[{"count":2,"href":"https:\/\/associazioneidra.ch\/index.php?rest_route=\/wp\/v2\/posts\/306\/revisions"}],"predecessor-version":[{"id":309,"href":"https:\/\/associazioneidra.ch\/index.php?rest_route=\/wp\/v2\/posts\/306\/revisions\/309"}],"wp:featuredmedia":[{"embeddable":true,"href":"https:\/\/associazioneidra.ch\/index.php?rest_route=\/wp\/v2\/media\/307"}],"wp:attachment":[{"href":"https:\/\/associazioneidra.ch\/index.php?rest_route=%2Fwp%2Fv2%2Fmedia&parent=306"}],"wp:term":[{"taxonomy":"category","embeddable":true,"href":"https:\/\/associazioneidra.ch\/index.php?rest_route=%2Fwp%2Fv2%2Fcategories&post=306"},{"taxonomy":"post_tag","embeddable":true,"href":"https:\/\/associazioneidra.ch\/index.php?rest_route=%2Fwp%2Fv2%2Ftags&post=306"}],"curies":[{"name":"wp","href":"https:\/\/api.w.org\/{rel}","templated":true}]}}