{"id":323,"date":"2024-04-15T08:47:45","date_gmt":"2024-04-15T08:47:45","guid":{"rendered":"https:\/\/associazioneidra.ch\/?p=323"},"modified":"2024-06-07T07:54:01","modified_gmt":"2024-06-07T07:54:01","slug":"riaprire-il-cinema-corso-grazie-al-comune","status":"publish","type":"post","link":"https:\/\/associazioneidra.ch\/?p=323","title":{"rendered":"Riaprire il cinema Corso grazie al Comune?"},"content":{"rendered":"<p><strong>Pubblichiamo l&#8217;interrogazione interpartitica dell&#8217;8 aprile 2024 che chiede la riapertura del cinema Corso grazie a un acquisto\u00a0o una collaborazione da parte del Comune.<\/strong><\/p>\n<ul>\n<li><a href=\"https:\/\/associazioneidra.ch\/wp-content\/uploads\/2024\/05\/Interrogazione_Cinema-Corso.pdf\">Interrogazione_Cinema Corso<\/a><\/li>\n<\/ul>\n<h3><b>INTERROGAZIONE: Riaprire il cinema Corso grazie a un acquisto\u00a0o una collaborazione da parte del Comune?<\/b><\/h3>\n<ol start=\"1\" data-editing-info=\"{&quot;orderedStyleType&quot;:1}\">\n<li><b>Valenza del cinema Corso<\/b><\/li>\n<\/ol>\n<p>Il cinema Corso, situato in via Pioda all\u2019angolo con Corso Pestalozzi, \u00e8 una tra le pi\u00f9 belle sale in Svizzera ed \u00e8 anche protetta in virt\u00f9 della Legge sulla protezione dei beni culturali. Inaugurata il 30 ottobre 1956 con il film in prima visione svizzera <i>\u2018\u2018L\u2019uomo che sapeva troppo\u2019\u2019<\/i>\u00a0di Alfred Hitchcock, la stessa \u00e8 stata progettata da Rino Tami (1908-1994), uno tra i maggiori architetti svizzeri del Novecento che grazie alle sue opere ha acquisito una solida fama internazionale. Con i suoi oltre 500 posti a sedere, la sala non rappresenta solamente una splendida testimonianza dell\u2019architettura cinematografica, ma anche un luogo dalle grandi potenzialit\u00e0 culturali.<\/p>\n<ol start=\"2\" data-editing-info=\"{&quot;orderedStyleType&quot;:1}\">\n<li><b>Chiusura della sala<\/b><\/li>\n<\/ol>\n<p>Negli ultimi anni risulta tuttavia che, al netto di circoscritte rassegne che vi si tengono, questo luogo di richiamo abbia di fatto cessato la sua attivit\u00e0. Particolarmente significative appaiono a questo proposito le parole di Joel Fioroni, programmatore del Lux di Massagno: <i>\u2018\u2018Io sono a Massagno da un anno e mezzo e ho notato una crescita costante. Siamo tutti entusiasti e abbiamo la fortuna di poter contare su un Comune che ci aiuta molto, mentre forse a Lugano i cinema scompaiono perch\u00e9 la politica li ha lasciati un po\u2019 andare. Mi piange il cuore per esempio sapere che il Cittadella \u00e8 stato abbattuto e che il Corso \u00e8 cos\u00ec poco utilizzato. \u00c8 una delle sale pi\u00f9 belle della Svizzera\u2019\u2019<\/i><b><i><a id=\"OWAa9a8658e-2ebf-32b1-2610-653d92132418\" class=\"OWAAutoLink\" href=\"x-webdoc:\/\/D77DCD5D-C053-43DE-B157-E4DA801C45C8#_ftn1\" name=\"_ftnref1\">[1]<\/a><\/i><\/b>. Nel caso del cinema Paradiso, della stessa propriet\u00e0, si \u00e8 invece atteso che il degrado fosse tale da non poterlo pi\u00f9 salvare e lo si \u00e8 quindi tristemente demolito.<\/p>\n<ol start=\"3\" data-editing-info=\"{&quot;orderedStyleType&quot;:1}\">\n<li><b>Esigenza di una riapertura<\/b><\/li>\n<\/ol>\n<p>In considerazione della valenza del cinema Corso e del declino che l\u2019ha purtroppo investito, siamo dunque persuasi che una sua riapertura apporterebbe un prezioso apporto al tessuto culturale cittadino e alla politica della Citt\u00e0 in questo ambito. In effetti, pur cercando sempre di mantenere intatto lo spirito del luogo e di traghettare la storica eredit\u00e0 della passata gestione, ci\u00f2 permetterebbe ad esempio di favorire un sostegno alla scena cinematografica locale, una programmazione diversificata e maggiori opportunit\u00e0 di socializzazione per la comunit\u00e0. Non da ultimo, visto anche il vuoto cinematografico che ammanta il centro-citt\u00e0, va rimarcato come venga sempre pi\u00f9 avvertito il bisogno di disporre di un luogo centrale in grado di ospitare le varie rassegne.<\/p>\n<ol start=\"4\" data-editing-info=\"{&quot;orderedStyleType&quot;:1}\">\n<li><b>Sale art-house e storiche<\/b><\/li>\n<\/ol>\n<p>Pi\u00f9 in generale, soprattutto dopo la pandemia che ha portato alla chiusura di numerose sale, merita di essere considerata la rinascita delle art-house in un contesto completamente nuovo e in base anche a criteri diversi dal passato. Inoltre, andrebbe tematizzata l\u2019importanza di valorizzare le sale storiche e il ruolo che possono giocare nel tessuto culturale, sociale ma anche economico e turistico di una Citt\u00e0; in tal senso, sono esemplificativi il Capitole di Losanna<a id=\"OWA290eab69-ca13-4231-6423-09b381a65100\" class=\"OWAAutoLink\" href=\"x-webdoc:\/\/D77DCD5D-C053-43DE-B157-E4DA801C45C8#_ftn2\" name=\"_ftnref2\">[2]<\/a>, il Modernissimo di Bologna<a id=\"OWAbe0d3521-0e83-87d3-ba92-5e52056df8f4\" class=\"OWAAutoLink\" href=\"x-webdoc:\/\/D77DCD5D-C053-43DE-B157-E4DA801C45C8#_ftn3\" name=\"_ftnref3\">[3]<\/a>\u00a0e in particolare il Kinok di San Gallo<a id=\"OWAb6c9856a-0066-6541-a221-9dd185941aa2\" class=\"OWAAutoLink\" href=\"x-webdoc:\/\/D77DCD5D-C053-43DE-B157-E4DA801C45C8#_ftn4\" name=\"_ftnref4\">[4]<\/a>, il Gr\u00fctli di Ginevra<a id=\"OWA153e3217-9950-2577-78b8-1e3c26eb358f\" class=\"OWAAutoLink\" href=\"x-webdoc:\/\/D77DCD5D-C053-43DE-B157-E4DA801C45C8#_ftn5\" name=\"_ftnref5\">[5]<\/a>\u00a0e il Korso di Friburgo<a id=\"OWA5bdec77b-72e2-dd0c-c00c-94b5cb636dd9\" class=\"OWAAutoLink\" href=\"x-webdoc:\/\/D77DCD5D-C053-43DE-B157-E4DA801C45C8#_ftn6\" name=\"_ftnref6\">[6]<\/a>\u00a0(in corso di restauro).<\/p>\n<ol start=\"5\" data-editing-info=\"{&quot;orderedStyleType&quot;:1}\">\n<li><b>Prospettive d\u2019azione auspicabili<\/b><\/li>\n<\/ol>\n<p>Per questi motivi, come del resto gi\u00e0 avvenuto infruttuosamente in passato, occorre a nostro giudizio stimolare un\u2019iniziativa del Comune di Lugano per riaprire il cinema Corso. Traendo spunto dalle esperienze di altre realt\u00e0 cittadine (basti pensare al Cinema Lux, dove il Comune \u00e8 proprietario dello spazio e la gestione viene affidata a realt\u00e0 indipendenti), andrebbe quindi promossa un\u2019acquisizione della struttura o una forma di collaborazione che possa mettere al centro una messa a disposizione della stessa ad attori terzi affidabili.<\/p>\n<ol start=\"6\" data-editing-info=\"{&quot;orderedStyleType&quot;:1}\">\n<li><b>Domande<\/b><\/li>\n<\/ol>\n<p>Alla luce di quanto esposto, rivolgiamo al Municipio le seguenti <b>domande<\/b>:<\/p>\n<ol start=\"1\" data-editing-info=\"{&quot;orderedStyleType&quot;:1}\">\n<li>Si pu\u00f2 precisare da quanto tempo \u00e8 stata sostanzialmente interrotta una programmazione regolare da parte del cinema Corso?<\/li>\n<li>\u00c8 possibile indicare lo stato di conservazione della struttura e le sue necessit\u00e0 di manutenzione in relazione alla Legge sulla protezione dei beni culturali?<\/li>\n<li>Quali azioni sono state fin qui intraprese dal Comune per sostenere e promuovere l\u2019attivit\u00e0 del cinema Corso? Quale obiettivo perseguivano e qual \u00e8 stato il loro esito?<\/li>\n<li>Quali passi intende muovere al fine di fare conservare, riaprire e sviluppare il cinema Corso in quanto struttura dall\u2019importante valenza culturale e architettonica?<\/li>\n<li>Nella prospettiva descritta, come viene considerata la possibilit\u00e0 di acquisire la struttura o almeno di stimolare una collaborazione con la propriet\u00e0 nella gestione del cinema Corso, ad esempio per il tramite di un\u2019associazione no profit?<\/li>\n<li>Grazie a un intervento della Citt\u00e0, quali sinergie potrebbero essere promosse dal cinema Corso con la scena cinematografica locale e il tessuto culturale cittadino?<\/li>\n<\/ol>\n<p>Con ogni ossequio.<\/p>\n<p>Primo firmatario: Edoardo Cappelletti (PC \u2013 Gruppo PS-PC)<\/p>\n<p>Giovanni Albertini (MTL)<\/p>\n<p>Danilo Baratti (I VERDI)<\/p>\n<p>Sara Beretta Piccoli (Indipendente)<\/p>\n<p>Mattea David (PS)<\/p>\n<p>Demis Fumasoli (FA)<\/p>\n<p>Raoul Ghisletta (PS)<\/p>\n<p>Melitta Jalkanen (I VERDI)<\/p>\n<div>Marisa Mengotti (I VERDI)<\/div>\n<div><\/div>\n<div dir=\"auto\"><\/div>\n<hr align=\"left\" \/>\n<p><a id=\"OWAdfdd9abc-4b16-daf9-2cab-f3db9d6b08a4\" class=\"OWAAutoLink\" href=\"x-webdoc:\/\/D77DCD5D-C053-43DE-B157-E4DA801C45C8#_ftnref1\" name=\"_ftn1\">[1]<\/a> <a href=\"https:\/\/www.cdt.ch\/news\/ticino\/cinema-sopravvivere-nellepoca-di-netflix-202957\">https:\/\/www.cdt.ch\/news\/ticino\/cinema-sopravvivere-nellepoca-di-netflix-202957<\/a>.<\/p>\n<p><a id=\"OWAbcef0df2-ae7e-cb0b-5840-965324522e15\" class=\"OWAAutoLink\" href=\"x-webdoc:\/\/D77DCD5D-C053-43DE-B157-E4DA801C45C8#_ftnref2\" name=\"_ftn2\">[2]<\/a>\u00a0<a href=\"https:\/\/www.cinematheque.ch\/it\/la-cinematheque\/il-capitole-la-casa-del-cinema#:~:text=Una%20volta%20ritrovato%20il%20suo,mitico%20luogo%20della%20settima%20arte\">https:\/\/www.cinematheque.ch\/it\/la-cinematheque\/il-capitole-la-casa-del-cinema#:~:text=Una%20volta%20ritrovato%20il%20suo,mitico%20luogo%20della%20settima%20arte<\/a><\/p>\n<p><a id=\"OWAb7635ec3-a1d3-6fe2-521e-26adb297c8cc\" class=\"OWAAutoLink\" href=\"x-webdoc:\/\/D77DCD5D-C053-43DE-B157-E4DA801C45C8#_ftnref3\" name=\"_ftn3\">[3]<\/a> <a href=\"https:\/\/cinetecadibologna.it\/programmazione\/rassegna\/riapre-il-cinema-modernissimo\/#:~:text=Da%20Wes%20Anderson%20a%20Marco,della%20citt%C3%A0%2C%20in%20Piazza%20Maggiore\">https:\/\/cinetecadibologna.it\/programmazione\/rassegna\/riapre-il-cinema-modernissimo\/#:~:text=Da%20Wes%20Anderson%20a%20Marco,della%20citt%C3%A0%2C%20in%20Piazza%20Maggiore<\/a><\/p>\n<p><a id=\"OWA7dbe7f73-0e38-cae5-c4ae-2cb08563a7a8\" class=\"OWAAutoLink\" href=\"x-webdoc:\/\/D77DCD5D-C053-43DE-B157-E4DA801C45C8#_ftnref4\" name=\"_ftn4\">[4]<\/a> <a href=\"https:\/\/www.kinok.ch\/geschichte\">https:\/\/www.kinok.ch\/geschichte<\/a><\/p>\n<p><a id=\"OWA0ed9a8e4-5b30-4821-fad4-c199b5873689\" class=\"OWAAutoLink\" href=\"x-webdoc:\/\/D77DCD5D-C053-43DE-B157-E4DA801C45C8#_ftnref5\" name=\"_ftn5\">[5]<\/a> <a href=\"https:\/\/www.cinemas-du-grutli.ch\/\">https:\/\/www.cinemas-du-grutli.ch\/<\/a><\/p>\n<p><a id=\"OWA507fd65a-d1e1-800e-af77-be6d6168fffc\" class=\"OWAAutoLink\" href=\"x-webdoc:\/\/D77DCD5D-C053-43DE-B157-E4DA801C45C8#_ftnref6\" name=\"_ftn6\">[6]<\/a>\u00a0<a href=\"https:\/\/frapp.ch\/fr\/articles\/stories\/le-corso-renait-de-ses-cendres\">https:\/\/frapp.ch\/fr\/articles\/stories\/le-corso-renait-de-ses-cendres<\/a><\/p>\n","protected":false},"excerpt":{"rendered":"<p>Pubblichiamo l&#8217;interrogazione interpartitica dell&#8217;8 aprile 2024 che chiede la riapertura  [&#8230;]<\/p>\n","protected":false},"author":2,"featured_media":325,"comment_status":"closed","ping_status":"closed","sticky":false,"template":"","format":"standard","meta":{"footnotes":""},"categories":[2,7],"tags":[],"class_list":["post-323","post","type-post","status-publish","format-standard","has-post-thumbnail","hentry","category-news","category-politica-istituzionale"],"_links":{"self":[{"href":"https:\/\/associazioneidra.ch\/index.php?rest_route=\/wp\/v2\/posts\/323","targetHints":{"allow":["GET"]}}],"collection":[{"href":"https:\/\/associazioneidra.ch\/index.php?rest_route=\/wp\/v2\/posts"}],"about":[{"href":"https:\/\/associazioneidra.ch\/index.php?rest_route=\/wp\/v2\/types\/post"}],"author":[{"embeddable":true,"href":"https:\/\/associazioneidra.ch\/index.php?rest_route=\/wp\/v2\/users\/2"}],"replies":[{"embeddable":true,"href":"https:\/\/associazioneidra.ch\/index.php?rest_route=%2Fwp%2Fv2%2Fcomments&post=323"}],"version-history":[{"count":1,"href":"https:\/\/associazioneidra.ch\/index.php?rest_route=\/wp\/v2\/posts\/323\/revisions"}],"predecessor-version":[{"id":326,"href":"https:\/\/associazioneidra.ch\/index.php?rest_route=\/wp\/v2\/posts\/323\/revisions\/326"}],"wp:featuredmedia":[{"embeddable":true,"href":"https:\/\/associazioneidra.ch\/index.php?rest_route=\/wp\/v2\/media\/325"}],"wp:attachment":[{"href":"https:\/\/associazioneidra.ch\/index.php?rest_route=%2Fwp%2Fv2%2Fmedia&parent=323"}],"wp:term":[{"taxonomy":"category","embeddable":true,"href":"https:\/\/associazioneidra.ch\/index.php?rest_route=%2Fwp%2Fv2%2Fcategories&post=323"},{"taxonomy":"post_tag","embeddable":true,"href":"https:\/\/associazioneidra.ch\/index.php?rest_route=%2Fwp%2Fv2%2Ftags&post=323"}],"curies":[{"name":"wp","href":"https:\/\/api.w.org\/{rel}","templated":true}]}}