{"id":419,"date":"2024-03-05T07:56:01","date_gmt":"2024-03-05T07:56:01","guid":{"rendered":"https:\/\/associazioneidra.ch\/?p=419"},"modified":"2024-06-07T07:59:45","modified_gmt":"2024-06-07T07:59:45","slug":"condizioni-di-lavoro-nellambito-delle-arti-visive-in-ticino","status":"publish","type":"post","link":"https:\/\/associazioneidra.ch\/?p=419","title":{"rendered":"Condizioni di lavoro nell\u2019ambito delle arti visive in Ticino"},"content":{"rendered":"<p><strong>Condizioni di lavoro nell\u2019ambito delle arti visive in Ticino, pubblicati i risultati dell\u2019indagine effettuata con Visarte<\/strong><\/p>\n<div class=\"contenuto\">\n<p>\u00c8 stato pubblicato il Quaderno della Divisione della cultura e degli studi universitari dedicato all\u2019indagine sulle condizioni di lavoro nell\u2019ambito delle arti visive. Si tratta di uno studio condotto dall\u2019Osservatorio culturale in collaborazione con Visarte Ticino, che ne ha curato la parte qualitativa. Lo comunica l\u2019Ufficio dell\u2019analisi e del patrimonio culturale digitale del Dipartimento dell\u2019educazione, della cultura e dello sport (DECS).<\/p>\n<p>La met\u00e0 degli artisti e delle artiste visivi che hanno risposto al sondaggio percepisce un reddito annuo totale lordo inferiore alla forchetta tra i 30\u2019000 e i 39\u2019999 franchi; le loro principali preoccupazioni riguardano proprio la retribuzione, la previdenza sociale come pure la disponibilit\u00e0 di spazi; il loro lavoro non \u00e8 abbastanza riconosciuto e spesso viene percepito come un passatempo. Sono solo alcuni degli aspetti emersi dall\u2019indagine nata grazie all\u2019impulso di Visarte Ticino \u2013 associazione che rappresenta artisti visivi, architetti e curatori indipendenti e difende i loro interessi in ambito politico e sociale \u2013 e sostenuta della direzione del DECS.<\/p>\n<p class=\"TXT01Normale\">L\u2019Osservatorio culturale del Cantone Ticino ha concepito e condotto un&#8217;indagine caratterizzata non solo da un&#8217;analisi quantitativa, ma anche da un approccio documentale e da una riflessione di carattere qualitativo allo scopo di identificare le peculiarit\u00e0 del settore artistico regionale e rispondere a domande fondamentali per il miglioramento delle dinamiche di supporto a tale settore.<\/p>\n<p class=\"TXT01Normale\">I risultati dello studio fanno parte delle pubblicazioni della serie\u00a0<em>Quaderni della Divisione della cultura e degli studi universitari<\/em>\u00a0e verranno presentati in occasione di un evento aperto al pubblico organizzato da Visarte Ticino gioved\u00ec 7 marzo 2024, alle 18, presso il LAC di Lugano (terzo piano). L\u2019incontro prevede la partecipazione di Cosimo Filippini e Riccardo Lisi (Visarte Ticino); Roland Hochstrasser e Giorgio Robbiani (Osservatorio culturale del Cantone Ticino); Luigi Di Corato (Citt\u00e0 di Lugano); S\u00e9bastien Peter (Citt\u00e0 di Locarno); Roberto Pellegrini (artista fotografo).<\/p>\n<p class=\"TXT01Normale\">Il documento, realizzato con il sostegno dell\u2019Aiuto federale per la lingua e la cultura italiana, ha cos\u00ec esaminato l&#8217;organizzazione del panorama artistico cantonale e le condizioni di lavoro prevalenti, indagando sulle sfide che ostacolano la piena espressione creativa degli artisti e delle artiste. Inoltre sono stati individuati rischi ed elementi positivi nell&#8217;ambito delle condizioni lavorative specifiche del settore e analizzate le prospettive future per gli operatori e le operatrici culturali in considerazione dell&#8217;evoluzione del contesto culturale.<\/p>\n<p class=\"TXT01Normale\"><strong> Il volume pu\u00f2 essere consultato direttamente nella Biblioteca digitale del Cantone Ticino\u00a0(<a href=\"http:\/\/bibliotecadigitale.ti.ch\/\" target=\"_top\" rel=\"noopener\">http:\/\/bibliotecadigitale.ti.ch<\/a>).<\/strong><\/p>\n<p><em>Foto allegata: Pierre Cas\u00e8, Maggia (fotografia \u00a9 Roberto Pellegrini)<\/em><\/p>\n<\/div>\n","protected":false},"excerpt":{"rendered":"<p>Condizioni di lavoro nell\u2019ambito delle arti visive in Ticino, pubblicati  [&#8230;]<\/p>\n","protected":false},"author":2,"featured_media":420,"comment_status":"closed","ping_status":"closed","sticky":false,"template":"","format":"standard","meta":{"footnotes":""},"categories":[2,6],"tags":[],"class_list":["post-419","post","type-post","status-publish","format-standard","has-post-thumbnail","hentry","category-news","category-studi"],"_links":{"self":[{"href":"https:\/\/associazioneidra.ch\/index.php?rest_route=\/wp\/v2\/posts\/419","targetHints":{"allow":["GET"]}}],"collection":[{"href":"https:\/\/associazioneidra.ch\/index.php?rest_route=\/wp\/v2\/posts"}],"about":[{"href":"https:\/\/associazioneidra.ch\/index.php?rest_route=\/wp\/v2\/types\/post"}],"author":[{"embeddable":true,"href":"https:\/\/associazioneidra.ch\/index.php?rest_route=\/wp\/v2\/users\/2"}],"replies":[{"embeddable":true,"href":"https:\/\/associazioneidra.ch\/index.php?rest_route=%2Fwp%2Fv2%2Fcomments&post=419"}],"version-history":[{"count":1,"href":"https:\/\/associazioneidra.ch\/index.php?rest_route=\/wp\/v2\/posts\/419\/revisions"}],"predecessor-version":[{"id":421,"href":"https:\/\/associazioneidra.ch\/index.php?rest_route=\/wp\/v2\/posts\/419\/revisions\/421"}],"wp:featuredmedia":[{"embeddable":true,"href":"https:\/\/associazioneidra.ch\/index.php?rest_route=\/wp\/v2\/media\/420"}],"wp:attachment":[{"href":"https:\/\/associazioneidra.ch\/index.php?rest_route=%2Fwp%2Fv2%2Fmedia&parent=419"}],"wp:term":[{"taxonomy":"category","embeddable":true,"href":"https:\/\/associazioneidra.ch\/index.php?rest_route=%2Fwp%2Fv2%2Fcategories&post=419"},{"taxonomy":"post_tag","embeddable":true,"href":"https:\/\/associazioneidra.ch\/index.php?rest_route=%2Fwp%2Fv2%2Ftags&post=419"}],"curies":[{"name":"wp","href":"https:\/\/api.w.org\/{rel}","templated":true}]}}