{"id":474,"date":"2024-07-16T09:32:28","date_gmt":"2024-07-16T09:32:28","guid":{"rendered":"https:\/\/associazioneidra.ch\/?p=474"},"modified":"2025-02-10T10:27:41","modified_gmt":"2025-02-10T10:27:41","slug":"lido-san-domenico-firma-la-petizione","status":"publish","type":"post","link":"https:\/\/associazioneidra.ch\/?p=474","title":{"rendered":"Lido San Domenico sotto attacco!"},"content":{"rendered":"<p><strong>Segnaliamo la petizione per chiedere alle autorit\u00e0 di Lugano di rinnovare la concessione al Lido San Domenico, diventato negli anni un importante punto di riferimento e di ospitalit\u00e0 di varie iniziative legate alla cultura indipendente!<\/strong><\/p>\n<ul>\n<li><a href=\"https:\/\/www.change.org\/p\/lido-san-domenico-lo-vogliamo-cos%C3%AC\">Firma qui!<\/a><\/li>\n<\/ul>\n<h3 class=\"corgi-hgie56\" data-qa=\"petition-title\">LIDO SAN DOMENICO: lo vogliamo cos\u00ec!<\/h3>\n<blockquote><p>Al Municipio di Lugano<\/p>\n<p>Alle Autorit\u00e0 comunali di Lugano<\/p>\n<p>LIDO SAN DOMENICO: lo vogliamo cos\u00ec!<\/p>\n<p>In un momento in cui la citt\u00e0 di Lugano sta ragionando su progetti e gestioni alternative al Lido San Domenico ci teniamo a farvi sapere che<\/p>\n<p>1. \u00a0 \u00a0 \u00a0Sotto la gestione di impronta famigliare di Sarah e Nick Hofmann, il Lido San Domenico \u00e8 diventato per noi un punto di riferimento assoluto e irrinunciabile dell\u2019estate luganese. Un luogo dove ognuno pu\u00f2 sentirsi a casa e passare ore spensierate, al di l\u00e0 dell\u2019et\u00e0, della provenienza e delle possibilit\u00e0 economiche.<\/p>\n<p>2. \u00a0 \u00a0 \u00a0A Lugano esistono fin troppi esercizi pubblici anonimi e senz\u2019anima, dove il personale \u00e8 del tutto estraneo alla nostra realt\u00e0. Il Lido San Domenico sotto la gestione di Sarah e Nick Hofmann \u00e8 un autentico luogo d\u2019incontro, con una proposta musicale originale, un\u2019atmosfera unica e che impiega esclusivamente personale giovane e locale. Pensiamo che sia nell\u2019interesse della citt\u00e0 preservarlo cos\u00ec com\u2019\u00e8.<\/p>\n<p>3. \u00a0 \u00a0 \u00a0Temiamo che la citt\u00e0, invece di metter mano a situazioni che non funzionano, finisca per porre fine a un\u2019esperienza di grande successo e apprezzata da un pubblico vasto e vario, come il Lido San Domenico, sotto la gestione attuale. Temiamo anche che qualche attore della gastronomia luganese abbia messo gli occhi su questo luogo meraviglioso e voglia stravolgerne le caratteristiche.<\/p>\n<p>4. \u00a0 \u00a0 \u00a0Al LSD abbiamo passato le ore migliori delle nostre estati luganesi, e le numerose recensioni positive sulla stampa svizzero tedesca, francese e locale, sulle guide turistiche e TripAdvisor, dimostrano che l\u2019attuale gestione \u00e9 riuscita ad entusiasmare un\u2019utenza genuina che va ben oltre gli affezionati locali. Non ponete fine a questa realt\u00e0 meravigliosa!<\/p><\/blockquote>\n","protected":false},"excerpt":{"rendered":"<p>Segnaliamo la petizione per chiedere alle autorit\u00e0 di Lugano di  [&#8230;]<\/p>\n","protected":false},"author":2,"featured_media":475,"comment_status":"closed","ping_status":"closed","sticky":false,"template":"","format":"standard","meta":{"footnotes":""},"categories":[5,2],"tags":[],"class_list":["post-474","post","type-post","status-publish","format-standard","has-post-thumbnail","hentry","category-eventi","category-news"],"_links":{"self":[{"href":"https:\/\/associazioneidra.ch\/index.php?rest_route=\/wp\/v2\/posts\/474","targetHints":{"allow":["GET"]}}],"collection":[{"href":"https:\/\/associazioneidra.ch\/index.php?rest_route=\/wp\/v2\/posts"}],"about":[{"href":"https:\/\/associazioneidra.ch\/index.php?rest_route=\/wp\/v2\/types\/post"}],"author":[{"embeddable":true,"href":"https:\/\/associazioneidra.ch\/index.php?rest_route=\/wp\/v2\/users\/2"}],"replies":[{"embeddable":true,"href":"https:\/\/associazioneidra.ch\/index.php?rest_route=%2Fwp%2Fv2%2Fcomments&post=474"}],"version-history":[{"count":2,"href":"https:\/\/associazioneidra.ch\/index.php?rest_route=\/wp\/v2\/posts\/474\/revisions"}],"predecessor-version":[{"id":669,"href":"https:\/\/associazioneidra.ch\/index.php?rest_route=\/wp\/v2\/posts\/474\/revisions\/669"}],"wp:featuredmedia":[{"embeddable":true,"href":"https:\/\/associazioneidra.ch\/index.php?rest_route=\/wp\/v2\/media\/475"}],"wp:attachment":[{"href":"https:\/\/associazioneidra.ch\/index.php?rest_route=%2Fwp%2Fv2%2Fmedia&parent=474"}],"wp:term":[{"taxonomy":"category","embeddable":true,"href":"https:\/\/associazioneidra.ch\/index.php?rest_route=%2Fwp%2Fv2%2Fcategories&post=474"},{"taxonomy":"post_tag","embeddable":true,"href":"https:\/\/associazioneidra.ch\/index.php?rest_route=%2Fwp%2Fv2%2Ftags&post=474"}],"curies":[{"name":"wp","href":"https:\/\/api.w.org\/{rel}","templated":true}]}}