{"id":477,"date":"2024-07-07T09:40:50","date_gmt":"2024-07-07T09:40:50","guid":{"rendered":"https:\/\/associazioneidra.ch\/?p=477"},"modified":"2024-07-26T09:41:04","modified_gmt":"2024-07-26T09:41:04","slug":"residenza-cima-norma","status":"publish","type":"post","link":"https:\/\/associazioneidra.ch\/?p=477","title":{"rendered":"Residenza Cima Norma"},"content":{"rendered":"<p>Dal 1 al sette luglio 2024 si \u00e8 tenuta presso la Cima Norma a Torre una residenza creativa e organizzativa dell&#8217;Associazione Idra.<\/p>\n<p>Si ringrazia per l&#8217;ospitalit\u00e0 <a href=\"https:\/\/cimacitta.ch\/it\">cimacitta.ch<\/a><\/p>\n<p><em><strong>Cima Citt\u00e0<\/strong> \u00e8 un progetto per residenze interdisciplinari presso una fabbrica di cioccolato dismessa nelle Alpi ticinesi. Cima Citt\u00e0 \u00e8 sinonimo di ritiro, ispirazione, concentrazione e scambio. Qui si riuniscono persone impegnate negli ambiti dell&#8217;arte, della scienza e della societ\u00e0. Cima Citt\u00e0 si propone come un nucleo per lo sviluppo e lo scambio di risposte collettive a domande pressanti del nostro tempo.<\/em><\/p>\n<p>&nbsp;<\/p>\n","protected":false},"excerpt":{"rendered":"<p>Dal 1 al sette luglio 2024 si \u00e8 tenuta presso  [&#8230;]<\/p>\n","protected":false},"author":2,"featured_media":478,"comment_status":"closed","ping_status":"closed","sticky":false,"template":"","format":"standard","meta":{"footnotes":""},"categories":[5,2],"tags":[],"class_list":["post-477","post","type-post","status-publish","format-standard","has-post-thumbnail","hentry","category-eventi","category-news"],"_links":{"self":[{"href":"https:\/\/associazioneidra.ch\/index.php?rest_route=\/wp\/v2\/posts\/477","targetHints":{"allow":["GET"]}}],"collection":[{"href":"https:\/\/associazioneidra.ch\/index.php?rest_route=\/wp\/v2\/posts"}],"about":[{"href":"https:\/\/associazioneidra.ch\/index.php?rest_route=\/wp\/v2\/types\/post"}],"author":[{"embeddable":true,"href":"https:\/\/associazioneidra.ch\/index.php?rest_route=\/wp\/v2\/users\/2"}],"replies":[{"embeddable":true,"href":"https:\/\/associazioneidra.ch\/index.php?rest_route=%2Fwp%2Fv2%2Fcomments&post=477"}],"version-history":[{"count":1,"href":"https:\/\/associazioneidra.ch\/index.php?rest_route=\/wp\/v2\/posts\/477\/revisions"}],"predecessor-version":[{"id":479,"href":"https:\/\/associazioneidra.ch\/index.php?rest_route=\/wp\/v2\/posts\/477\/revisions\/479"}],"wp:featuredmedia":[{"embeddable":true,"href":"https:\/\/associazioneidra.ch\/index.php?rest_route=\/wp\/v2\/media\/478"}],"wp:attachment":[{"href":"https:\/\/associazioneidra.ch\/index.php?rest_route=%2Fwp%2Fv2%2Fmedia&parent=477"}],"wp:term":[{"taxonomy":"category","embeddable":true,"href":"https:\/\/associazioneidra.ch\/index.php?rest_route=%2Fwp%2Fv2%2Fcategories&post=477"},{"taxonomy":"post_tag","embeddable":true,"href":"https:\/\/associazioneidra.ch\/index.php?rest_route=%2Fwp%2Fv2%2Ftags&post=477"}],"curies":[{"name":"wp","href":"https:\/\/api.w.org\/{rel}","templated":true}]}}