{"id":519,"date":"2024-11-25T17:39:29","date_gmt":"2024-11-25T17:39:29","guid":{"rendered":"https:\/\/associazioneidra.ch\/?p=519"},"modified":"2025-02-15T11:13:54","modified_gmt":"2025-02-15T11:13:54","slug":"il-gruppo-di-lavoro-per-la-cultura-indipendente-ha-gia-iniziato-i-suoi-lavori","status":"publish","type":"post","link":"https:\/\/associazioneidra.ch\/?p=519","title":{"rendered":"Il gruppo di lavoro per la cultura indipendente ha gi\u00e0 iniziato i suoi lavori?"},"content":{"rendered":"<p><strong>Il gruppo di lavoro per la cultura indipendente ha gi\u00e0 iniziato i suoi lavori?<\/strong><\/p>\n<p>Interrogazione in Gran Consiglio: del 7 novembre 2024 \/ 158.24<\/p>\n<p>Sono ormai passati molti mesi dalla presentazione il 5 febbraio scorso della Carta della Gerra a favore della cultura indipendente, con la presenza di rappresentanti cantonali e della Citt\u00e0 di Lugano. Nella Carta della Gerra sono contenute cinque richieste programmatiche:<\/p>\n<ol>\n<li>Nuovi spazi dove gli attori di questa scena possano operare in forma stabile professionale, permettendone l\u2019utilizzo partecipativo;<\/li>\n<li>Ridefinizione delle modalit\u00e0 di assegnazione degli spazi, attuando di processi trasparenti, aperti e inclusivi grazie ai quali anche le organizzazioni indipendenti possano trovare sede (per esempio con dei mandati a termine);<\/li>\n<li>Finanziamenti per progetti indipendenti, riconoscendo loro un sostegno finanziario corretto e distribuendo le risorse in forma equa per garantire la sostenibilit\u00e0;<\/li>\n<li>Un quadro legislativo da aggiornare, che tenga conto delle specificit\u00e0 della cultura indipendente e riconosca che le possibilit\u00e0 economiche e gli obiettivi perseguiti sono differenti;<\/li>\n<li>Il riconoscimento della cultura indipendente come un elemento cardine per lo sviluppo di un ecosistema socioculturale diversificato.<\/li>\n<\/ol>\n<p><strong>Chiediamo al Consiglio di Stato:<\/strong><\/p>\n<ol>\n<li>A che punto \u00e8 il dossier? \u00c8 possibile avere una risposta per ognuna delle richieste indicate nella Carta?<\/li>\n<li>La Carta della Gerra \u00e8 gi\u00e0 stata avvallata dagli esecutivi comunali e cantonali come modello per lo sviluppo delle attivit\u00e0 socioculturali indipendenti del nostro Cantone?<br \/>\nIn particolare:<\/li>\n<li>\u00c8 stato attivato il promesso gruppo di lavoro cantonale e della Citt\u00e0 di Lugano per individuare gli spazi da attribuire? Chi sono i membri designati?<\/li>\n<li>Come interagiscono i due dipartimenti maggiormente interessati DECS e DFE a tal riguardo<\/li>\n<li>Non si potrebbe attribuire temporaneamente lo stabile C (laboratori IST e IMC) del comparto scolastico ex SUPSI di Trevano, in buono stato ma recentemente dismesso dalla logistica, per dare una prima risposta alle richieste della \u201cCarta della Gerra\u201d?<\/li>\n<li>Sono gi\u00e0 stati individuati altri luoghi di propriet\u00e0 del Cantone, non solo nell\u2019area luganese, che potrebbero essere destinati alla cultura indipendente con attribuzioni di alcuni mesi\/anni come fatto per la Tour Vagabonde?<\/li>\n<\/ol>\n<p><em>Cristina Zanini Barzaghi<\/em><br \/>\n<em>Boscolo &#8211; Galeazzi &#8211; Merlo &#8211; Petralli &#8211; <\/em><em>Prati &#8211; Sanvido &#8211; Schnellmann<\/em><\/p>\n<ul>\n<li><a href=\"https:\/\/associazioneidra.ch\/wp-content\/uploads\/2024\/11\/158.24.pdf\">158.24 &#8211; Interrogazione<\/a> (pdf)<\/li>\n<li><a href=\"https:\/\/associazioneidra.ch\/wp-content\/uploads\/2024\/11\/158.24-RG-651.pdf\">Risposta all&#8217;interrogazione<\/a> (pdf)<\/li>\n<\/ul>\n","protected":false},"excerpt":{"rendered":"<p>Il gruppo di lavoro per la cultura indipendente ha gi\u00e0  [&#8230;]<\/p>\n","protected":false},"author":2,"featured_media":208,"comment_status":"closed","ping_status":"closed","sticky":false,"template":"","format":"standard","meta":{"footnotes":""},"categories":[7],"tags":[],"class_list":["post-519","post","type-post","status-publish","format-standard","has-post-thumbnail","hentry","category-politica-istituzionale"],"_links":{"self":[{"href":"https:\/\/associazioneidra.ch\/index.php?rest_route=\/wp\/v2\/posts\/519","targetHints":{"allow":["GET"]}}],"collection":[{"href":"https:\/\/associazioneidra.ch\/index.php?rest_route=\/wp\/v2\/posts"}],"about":[{"href":"https:\/\/associazioneidra.ch\/index.php?rest_route=\/wp\/v2\/types\/post"}],"author":[{"embeddable":true,"href":"https:\/\/associazioneidra.ch\/index.php?rest_route=\/wp\/v2\/users\/2"}],"replies":[{"embeddable":true,"href":"https:\/\/associazioneidra.ch\/index.php?rest_route=%2Fwp%2Fv2%2Fcomments&post=519"}],"version-history":[{"count":4,"href":"https:\/\/associazioneidra.ch\/index.php?rest_route=\/wp\/v2\/posts\/519\/revisions"}],"predecessor-version":[{"id":677,"href":"https:\/\/associazioneidra.ch\/index.php?rest_route=\/wp\/v2\/posts\/519\/revisions\/677"}],"wp:featuredmedia":[{"embeddable":true,"href":"https:\/\/associazioneidra.ch\/index.php?rest_route=\/wp\/v2\/media\/208"}],"wp:attachment":[{"href":"https:\/\/associazioneidra.ch\/index.php?rest_route=%2Fwp%2Fv2%2Fmedia&parent=519"}],"wp:term":[{"taxonomy":"category","embeddable":true,"href":"https:\/\/associazioneidra.ch\/index.php?rest_route=%2Fwp%2Fv2%2Fcategories&post=519"},{"taxonomy":"post_tag","embeddable":true,"href":"https:\/\/associazioneidra.ch\/index.php?rest_route=%2Fwp%2Fv2%2Ftags&post=519"}],"curies":[{"name":"wp","href":"https:\/\/api.w.org\/{rel}","templated":true}]}}