{"id":582,"date":"2025-03-13T01:01:21","date_gmt":"2025-03-13T01:01:21","guid":{"rendered":"https:\/\/associazioneidra.ch\/?p=582"},"modified":"2025-04-02T07:02:39","modified_gmt":"2025-04-02T07:02:39","slug":"10-100-1000-spazi-2","status":"publish","type":"post","link":"https:\/\/associazioneidra.ch\/?p=582","title":{"rendered":"10 100 1000 SPAZI #2"},"content":{"rendered":"<div class=\"fusion-fullwidth fullwidth-box fusion-builder-row-1 fusion-flex-container has-pattern-background has-mask-background nonhundred-percent-fullwidth non-hundred-percent-height-scrolling\" style=\"--awb-border-radius-top-left:0px;--awb-border-radius-top-right:0px;--awb-border-radius-bottom-right:0px;--awb-border-radius-bottom-left:0px;--awb-flex-wrap:wrap;\" ><div class=\"fusion-builder-row fusion-row fusion-flex-align-items-flex-start fusion-flex-content-wrap\" style=\"max-width:1248px;margin-left: calc(-4% \/ 2 );margin-right: calc(-4% \/ 2 );\"><div class=\"fusion-layout-column fusion_builder_column fusion-builder-column-0 fusion_builder_column_2_3 2_3 fusion-flex-column\" style=\"--awb-bg-size:cover;--awb-width-large:66.666666666667%;--awb-margin-top-large:0px;--awb-spacing-right-large:2.88%;--awb-margin-bottom-large:20px;--awb-spacing-left-large:2.88%;--awb-width-medium:66.666666666667%;--awb-order-medium:0;--awb-spacing-right-medium:2.88%;--awb-spacing-left-medium:2.88%;--awb-width-small:100%;--awb-order-small:0;--awb-spacing-right-small:1.92%;--awb-spacing-left-small:1.92%;\"><div class=\"fusion-column-wrapper fusion-column-has-shadow fusion-flex-justify-content-flex-start fusion-content-layout-column\"><div class=\"fusion-text fusion-text-1 fusion-text-no-margin\" style=\"--awb-margin-bottom:25px;\"><h3><strong>Cultura indipendente: quale risorsa per le citt\u00e0?<\/strong><\/h3>\n<p><strong>Negli ultimi anni \u00e8 emersa con forza la necessit\u00e0 di luoghi permanenti per la cultura indipendente. Non solo spazi di diffusione &#8211; indispensabili per garantire visibilit\u00e0 alle artiste, agli artisti e alla filiera culturale &#8211; ma anche spazi di produzione, dove i processi creativi possano svilupparsi con regolarit\u00e0 e continuit\u00e0. <\/strong><\/p>\n<p><span style=\"font-weight: 300;\">Questi luoghi non rappresentano solo un investimento per il futuro della cultura locale o per il rafforzamento di un settore professionale, ma sono anche centri di aggregazione aperti, intergenerazionali e inclusivi, fondamentali per la coesione sociale e l\u2019accessibilit\u00e0, in linea con quanto previsto dal <strong><a href=\"https:\/\/www.bak.admin.ch\/bak\/it\/home\/temi\/messaggio-sulla-cultura.html\">Messaggio federale sulla cultura 2025-2028<\/a><\/strong> e dalle <strong><a href=\"https:\/\/associazioneidra.ch\/?p=134\">Linee programmatiche cantonali di politica culturale 2024-202<\/a><\/strong>7.<\/span><\/p>\n<p><span style=\"font-weight: 300;\">Come si crea uno spazio o, ancora meglio, una rete di spazi per la cultura indipendente? Come pu\u00f2 l\u2019ente pubblico sostenere e valorizzare le realt\u00e0 associative attive sul territorio? Che importanza hanno queste realt\u00e0 per il tessuto socioculturale ed economico? Una mostra e degli incontri che saranno presentati a Villa Saroli tra venerd\u00ec 21 febbraio e sabato 22 marzo 2025, avranno l\u2019obiettivo di avviare una riflessione collettiva per provare a dare risposte condivise a tutte queste domande.<\/span><\/p>\n<ul>\n<li><strong><a href=\"https:\/\/associazioneidra.ch\/wp-content\/uploads\/2025\/02\/manifesto-idra-i2a.pdf\">Locandina<\/a><\/strong><\/li>\n<li><strong><a href=\"https:\/\/associazioneidra.ch\/wp-content\/uploads\/2025\/02\/Associazione-Idra-10-100-1000-n2-Comunicato-stampa-3.pdf\">Comunicato stampa<\/a><\/strong><strong> e <a href=\"https:\/\/associazioneidra.ch\/wp-content\/uploads\/2025\/02\/2_Agenda-_10-100-1000-2_.pdf\">agenda<\/a><\/strong><\/li>\n<li><strong><a href=\"https:\/\/associazioneidra.ch\/?p=777\">I materiali esposti<\/a><\/strong><\/li>\n<\/ul>\n<p><span style=\"font-weight: 300;\">L\u2019evento \u00e8 frutto della collaborazione tra l\u2019Associazione Idra e il Bachelor of Arts (corso di laurea) in <strong><a href=\"https:\/\/www.supsi.ch\/bachelor-architettura-interni\">Architettura d\u2019interni<\/a><\/strong> della SUPSI (Dipartimento ambiente costruzioni e design), l\u2019<strong><a href=\"https:\/\/www.i2a.ch\">Istituto Internazionale di Architettura i2a<\/a><\/strong> ed \u00e8 sostenuto dalla <strong><a href=\"https:\/\/www.lugano.ch\/la-mia-citta\/amministrazione\/dicasteri-divisioni\/dicastero-cultura-sport-eventi\/cultura\/\">Citt\u00e0 di Lugano<\/a><\/strong> e da <strong><a href=\"https:\/\/vsi-asai.ch\/it\">VSI-ASAI Associazione svizzera degli architetti d\u2019interni<\/a><\/strong>.<\/span><\/p>\n<\/div><div class=\"fusion-reading-box-container reading-box-container-1\" style=\"--awb-title-color:var(--awb-color8);--awb-title-font-size:22px;--awb-margin-top:0px;--awb-margin-bottom:20px;\"><div class=\"reading-box\" style=\"background-color:var(--awb-color2);border-width:1px;border-color:rgba(226,226,226,0);border-left-width:3px;border-left-color:var(--primary_color);border-style:solid;\"><h2>SPAZIO LIBERO \u2013 UNO SPAZIO PER LA CULTURA INDIPENDENTE<\/h2><div class=\"reading-box-additional fusion-reading-box-additional\">\n<p class=\"p1\">Il vernissage avr\u00e0 luogo <strong>venerd\u00ec 21 febbraio a partire dalle 18:00<\/strong>, alla presenza della Consigliera di Stato e Direttrice del Dipartimento dell\u2019educazione, della cultura e dello sport Marina Carobbio <span class=\"s1\">Guscetti e del Vice Sindaco e Capo Dicastero cultura, sport ed eventi della Citt\u00e0 di Lugano <\/span>Roberto Badaracco.<\/p>\n<p>Mostra aperta dal 21.02 al 22.03.2025<\/p>\n<p><strong>Apertura mostra<\/strong><br \/>\nmercoled\u00ec \/ gioved\u00ec \/ venerd\u00ec 12:00 &#8211; 18:00<br \/>\nsabato 14:00 &#8211; 18:00<\/p>\n<p>(<a href=\"https:\/\/www.i2a.ch\">consulta gli orari sul sito di i2a<\/a>)<\/p>\n<\/div><div class=\"fusion-clearfix\"><\/div><\/div><svg style=\"opacity:0.7;\" xmlns=\"http:\/\/www.w3.org\/2000\/svg\" version=\"1.1\" width=\"100%\" viewBox=\"0 0 600 28\" preserveAspectRatio=\"none\"><g clip-path=\"url(#a)\"><mask id=\"b\" style=\"mask-type:luminance\" maskUnits=\"userSpaceOnUse\" x=\"0\" y=\"0\" width=\"600\" height=\"28\"><path d=\"M0 0h600v28H0V0Z\" fill=\"#fff\"\/><\/mask><g filter=\"url(#c)\" mask=\"url(#b)\"><path d=\"M16.439-18.667h567.123v30.8S438.961-8.4 300-8.4C161.04-8.4 16.438 12.133 16.438 12.133v-30.8Z\" fill=\"#000\"\/><\/g><\/g><defs><clipPath id=\"a\"><path fill=\"#fff\" d=\"M0 0h600v28H0z\"\/><\/clipPath><filter id=\"c\" x=\"5.438\" y=\"-29.667\" width=\"589.123\" height=\"52.8\" filterUnits=\"userSpaceOnUse\" color-interpolation-filters=\"sRGB\"><feFlood flood-opacity=\"0\" result=\"BackgroundImageFix\"\/><feBlend in=\"SourceGraphic\" in2=\"BackgroundImageFix\" result=\"shape\"\/><feGaussianBlur stdDeviation=\"5.5\" result=\"effect1_foregroundBlur_3983_183\"\/><\/filter><\/defs><\/svg><\/div><div class=\"fusion-reading-box-container reading-box-container-2\" style=\"--awb-title-color:var(--awb-color8);--awb-title-font-size:22px;--awb-margin-top:0px;--awb-margin-bottom:20px;\"><div class=\"reading-box\" style=\"background-color:var(--awb-color2);border-width:1px;border-color:rgba(226,226,226,0);border-left-width:3px;border-left-color:var(--primary_color);border-style:solid;\"><h2>PARLIAMO DI SPAZI CHE NON CI SONO ANCORA<\/h2><div class=\"reading-box-additional fusion-reading-box-additional\">\n<p><strong>Sabato 01.03.2025<\/strong> tra le 16:00 \u2013 19:00 a Villa Saroli, 6900 Lugano<br \/>\n<strong>\u201cUna caserma a Friborgo, uno stadio a Bienne e a Lugano?\u201d<\/strong><\/p>\n<p><em>Incontro con rappresentanti dei progetti \u201c<a href=\"https:\/\/quartierdelapoya.ch\">Caserne de la Poya<\/a>\u201d di Friborgo e \u201c<a href=\"https:\/\/terrain-gurzelen.org\">Terrain Gurzelen<\/a>\u201d di Bienne.<\/em><\/p>\n<p class=\"p1\"><img decoding=\"async\" class=\"alignright size-medium wp-image-757\" src=\"https:\/\/associazioneidra.ch\/wp-content\/uploads\/2025\/02\/472708179_17963829005850425_4996576560210885996_n-240x300.jpg\" alt=\"\" width=\"240\" height=\"300\" srcset=\"https:\/\/associazioneidra.ch\/wp-content\/uploads\/2025\/02\/472708179_17963829005850425_4996576560210885996_n-200x250.jpg 200w, https:\/\/associazioneidra.ch\/wp-content\/uploads\/2025\/02\/472708179_17963829005850425_4996576560210885996_n-240x300.jpg 240w, https:\/\/associazioneidra.ch\/wp-content\/uploads\/2025\/02\/472708179_17963829005850425_4996576560210885996_n-400x500.jpg 400w, https:\/\/associazioneidra.ch\/wp-content\/uploads\/2025\/02\/472708179_17963829005850425_4996576560210885996_n-600x750.jpg 600w, https:\/\/associazioneidra.ch\/wp-content\/uploads\/2025\/02\/472708179_17963829005850425_4996576560210885996_n-768x960.jpg 768w, https:\/\/associazioneidra.ch\/wp-content\/uploads\/2025\/02\/472708179_17963829005850425_4996576560210885996_n-800x1000.jpg 800w, https:\/\/associazioneidra.ch\/wp-content\/uploads\/2025\/02\/472708179_17963829005850425_4996576560210885996_n-819x1024.jpg 819w, https:\/\/associazioneidra.ch\/wp-content\/uploads\/2025\/02\/472708179_17963829005850425_4996576560210885996_n.jpg 1080w\" sizes=\"(max-width: 240px) 100vw, 240px\" \/>Villa Saroli ospiter\u00e0 un incontro durante il quale saranno presentati due progetti socioculturali nati negli ultimi anni in Svizzera: Terrain Gurzelen a Bienne\/Biel e Caserne de la Poya <span class=\"s1\">a Friborgo. Attraverso l\u2019analisi di questi progetti, sar\u00e0 possibile dare uno sguardo pi\u00f9 <\/span><span class=\"s2\">approfondito su alcune realt\u00e0 indipendenti che operano in centri urbani di medie dimensioni <\/span>oltre Gottardo, constatandone l\u2019impatto sociale, culturale ed economico che generano sui <span class=\"s3\">rispettivi territori. <\/span><span class=\"s3\">Questo momento permetter\u00e0 quindi di analizzare come queste esperienze vengono <\/span><span class=\"s3\">gestite, cosa presentano e producono all\u2019interno dei propri spazi, come si finanziano e quali <\/span><span class=\"s2\">sono i rapporti che intrattengono con le istituzioni e la popolazione locale. La presentazione <\/span><span class=\"s3\">sar\u00e0 seguita da un dibattito attorno alla domanda: \u201cUno stadio a Bienne, una caserma a <\/span><span class=\"s3\">Friborgo; e a Lugano?\u201d e vedr\u00e0 la partecipazione di alcune e alcuni rappresentanti della <\/span><span class=\"s3\">scena indipendente, del Capo Dicastero Immobili Raoul Ghisletta e della Responsabile <\/span><span class=\"s3\">dello sviluppo culturale Laura Brenni, della Citt\u00e0 di Lugano. L\u2019appuntamento sar\u00e0 moderato <\/span><span class=\"s3\">da Chiara Fanetti.<\/span><\/p>\n<\/div><div class=\"fusion-clearfix\"><\/div><\/div><svg style=\"opacity:0.7;\" xmlns=\"http:\/\/www.w3.org\/2000\/svg\" version=\"1.1\" width=\"100%\" viewBox=\"0 0 600 28\" preserveAspectRatio=\"none\"><g clip-path=\"url(#a)\"><mask id=\"b\" style=\"mask-type:luminance\" maskUnits=\"userSpaceOnUse\" x=\"0\" y=\"0\" width=\"600\" height=\"28\"><path d=\"M0 0h600v28H0V0Z\" fill=\"#fff\"\/><\/mask><g filter=\"url(#c)\" mask=\"url(#b)\"><path d=\"M16.439-18.667h567.123v30.8S438.961-8.4 300-8.4C161.04-8.4 16.438 12.133 16.438 12.133v-30.8Z\" fill=\"#000\"\/><\/g><\/g><defs><clipPath id=\"a\"><path fill=\"#fff\" d=\"M0 0h600v28H0z\"\/><\/clipPath><filter id=\"c\" x=\"5.438\" y=\"-29.667\" width=\"589.123\" height=\"52.8\" filterUnits=\"userSpaceOnUse\" color-interpolation-filters=\"sRGB\"><feFlood flood-opacity=\"0\" result=\"BackgroundImageFix\"\/><feBlend in=\"SourceGraphic\" in2=\"BackgroundImageFix\" result=\"shape\"\/><feGaussianBlur stdDeviation=\"5.5\" result=\"effect1_foregroundBlur_3983_183\"\/><\/filter><\/defs><\/svg><\/div><div class=\"fusion-reading-box-container reading-box-container-3\" style=\"--awb-title-color:var(--awb-color8);--awb-title-font-size:22px;--awb-margin-top:0px;--awb-margin-bottom:20px;\"><div class=\"reading-box\" style=\"background-color:var(--awb-color2);border-width:1px;border-color:rgba(226,226,226,0);border-left-width:3px;border-left-color:var(--primary_color);border-style:solid;\"><h2>PARLIAMO DI SPAZI CHE CI SONO GI\u00c0<\/h2><div class=\"reading-box-additional fusion-reading-box-additional\">\n<p><strong>Sabato 08.03.2025<\/strong> tra le 16:00 \u2013 19:00 a Villa Saroli, 6900 Lugano<br \/>\n<strong>\u201cCultura indipendente: quale risorsa per le citt\u00e0?\u201d<\/strong><\/p>\n<p><em>Incontro con rappresentanti di alcune realt\u00e0 indipendenti presenti sul territorio in dialogo con il sociologo Sandro Cattacin e la ricercatrice Ilenia Caleo.<\/em><\/p>\n<p><img decoding=\"async\" class=\"alignright size-medium wp-image-758\" src=\"https:\/\/associazioneidra.ch\/wp-content\/uploads\/2025\/02\/482736197_17964493553850425_6411375232469933965_n-240x300.jpg\" alt=\"\" width=\"240\" height=\"300\" srcset=\"https:\/\/associazioneidra.ch\/wp-content\/uploads\/2025\/02\/482736197_17964493553850425_6411375232469933965_n-200x250.jpg 200w, https:\/\/associazioneidra.ch\/wp-content\/uploads\/2025\/02\/482736197_17964493553850425_6411375232469933965_n-240x300.jpg 240w, https:\/\/associazioneidra.ch\/wp-content\/uploads\/2025\/02\/482736197_17964493553850425_6411375232469933965_n-400x500.jpg 400w, https:\/\/associazioneidra.ch\/wp-content\/uploads\/2025\/02\/482736197_17964493553850425_6411375232469933965_n-600x750.jpg 600w, https:\/\/associazioneidra.ch\/wp-content\/uploads\/2025\/02\/482736197_17964493553850425_6411375232469933965_n-768x960.jpg 768w, https:\/\/associazioneidra.ch\/wp-content\/uploads\/2025\/02\/482736197_17964493553850425_6411375232469933965_n-800x1000.jpg 800w, https:\/\/associazioneidra.ch\/wp-content\/uploads\/2025\/02\/482736197_17964493553850425_6411375232469933965_n-819x1024.jpg 819w, https:\/\/associazioneidra.ch\/wp-content\/uploads\/2025\/02\/482736197_17964493553850425_6411375232469933965_n-1200x1500.jpg 1200w, https:\/\/associazioneidra.ch\/wp-content\/uploads\/2025\/02\/482736197_17964493553850425_6411375232469933965_n-1229x1536.jpg 1229w, https:\/\/associazioneidra.ch\/wp-content\/uploads\/2025\/02\/482736197_17964493553850425_6411375232469933965_n.jpg 1440w\" sizes=\"(max-width: 240px) 100vw, 240px\" \/>Villa Saroli ospiter\u00e0 un incontro durante il quale saranno presentati diversi progetti indipendenti nati negli ultimi anni nella Svizzera italiana. Questo appuntamento permetter\u00e0 <span class=\"s1\">di dare uno sguardo sull\u2019esistente, quali sono gli spazi che oggi abitano il nostro territorio, <\/span><span class=\"s1\">quali sono le difficolt\u00e0 che vivono e in quali contesti si trovano a dover operare. <\/span>Con il contributo del sociologo Sandro Cattacin e la ricercatrice Ilenia Caleo indagheremo sull\u2019importanza che queste realt\u00e0 hanno per la nostra comunit\u00e0, come <span class=\"s1\">queste permettono di rafforzare la coesione sociale, formare l\u2019identit\u00e0 culturale e come <\/span><span class=\"s1\">partecipano a garantire un pluralismo e una dinamicit\u00e0 socioculturale al nostro territorio. <\/span><span class=\"s1\">\u201cCultura indipendente: quale risorsa per le nostre citt\u00e0?\u201d Con questo incontro cercheremo <\/span><span class=\"s1\">di dare una risposta a questa e tante altre domande. L\u2019appuntamento sar\u00e0 moderato da <\/span><span class=\"s1\">Francesca Rodesino.<\/span><\/p>\n<\/div><div class=\"fusion-clearfix\"><\/div><\/div><svg style=\"opacity:0.7;\" xmlns=\"http:\/\/www.w3.org\/2000\/svg\" version=\"1.1\" width=\"100%\" viewBox=\"0 0 600 28\" preserveAspectRatio=\"none\"><g clip-path=\"url(#a)\"><mask id=\"b\" style=\"mask-type:luminance\" maskUnits=\"userSpaceOnUse\" x=\"0\" y=\"0\" width=\"600\" height=\"28\"><path d=\"M0 0h600v28H0V0Z\" fill=\"#fff\"\/><\/mask><g filter=\"url(#c)\" mask=\"url(#b)\"><path d=\"M16.439-18.667h567.123v30.8S438.961-8.4 300-8.4C161.04-8.4 16.438 12.133 16.438 12.133v-30.8Z\" fill=\"#000\"\/><\/g><\/g><defs><clipPath id=\"a\"><path fill=\"#fff\" d=\"M0 0h600v28H0z\"\/><\/clipPath><filter id=\"c\" x=\"5.438\" y=\"-29.667\" width=\"589.123\" height=\"52.8\" filterUnits=\"userSpaceOnUse\" color-interpolation-filters=\"sRGB\"><feFlood flood-opacity=\"0\" result=\"BackgroundImageFix\"\/><feBlend in=\"SourceGraphic\" in2=\"BackgroundImageFix\" result=\"shape\"\/><feGaussianBlur stdDeviation=\"5.5\" result=\"effect1_foregroundBlur_3983_183\"\/><\/filter><\/defs><\/svg><\/div><div class=\"fusion-reading-box-container reading-box-container-4\" style=\"--awb-title-color:var(--awb-color8);--awb-title-font-size:22px;--awb-margin-top:0px;--awb-margin-bottom:20px;\"><div class=\"reading-box\" style=\"background-color:var(--awb-color2);border-width:1px;border-color:rgba(226,226,226,0);border-left-width:3px;border-left-color:var(--primary_color);border-style:solid;\"><h2>PARLIAMO DI SPAZI CHE NON CI SONO PI\u00d9<\/h2><div class=\"reading-box-additional fusion-reading-box-additional\">\n<p><strong>Sabato 15 marzo 2025 \u2013 Spazio L\u2019ove (Via Luganetto)<\/strong><\/p>\n<p><a href=\"https:\/\/associazioneidra.ch\/wp-content\/uploads\/2025\/02\/spazi-che-non-ci-sono-piu-love-scaled.jpg\"><img decoding=\"async\" class=\"alignright wp-image-753 size-medium\" src=\"https:\/\/associazioneidra.ch\/wp-content\/uploads\/2025\/02\/spazi-che-non-ci-sono-piu-love-240x300.jpg\" alt=\"\" width=\"240\" height=\"300\" srcset=\"https:\/\/associazioneidra.ch\/wp-content\/uploads\/2025\/02\/spazi-che-non-ci-sono-piu-love-200x250.jpg 200w, https:\/\/associazioneidra.ch\/wp-content\/uploads\/2025\/02\/spazi-che-non-ci-sono-piu-love-240x300.jpg 240w, https:\/\/associazioneidra.ch\/wp-content\/uploads\/2025\/02\/spazi-che-non-ci-sono-piu-love-400x500.jpg 400w, https:\/\/associazioneidra.ch\/wp-content\/uploads\/2025\/02\/spazi-che-non-ci-sono-piu-love-600x750.jpg 600w, https:\/\/associazioneidra.ch\/wp-content\/uploads\/2025\/02\/spazi-che-non-ci-sono-piu-love-768x960.jpg 768w, https:\/\/associazioneidra.ch\/wp-content\/uploads\/2025\/02\/spazi-che-non-ci-sono-piu-love-800x1000.jpg 800w, https:\/\/associazioneidra.ch\/wp-content\/uploads\/2025\/02\/spazi-che-non-ci-sono-piu-love-819x1024.jpg 819w, https:\/\/associazioneidra.ch\/wp-content\/uploads\/2025\/02\/spazi-che-non-ci-sono-piu-love-1200x1500.jpg 1200w, https:\/\/associazioneidra.ch\/wp-content\/uploads\/2025\/02\/spazi-che-non-ci-sono-piu-love-1229x1536.jpg 1229w, https:\/\/associazioneidra.ch\/wp-content\/uploads\/2025\/02\/spazi-che-non-ci-sono-piu-love-1638x2048.jpg 1638w\" sizes=\"(max-width: 240px) 100vw, 240px\" \/><\/a>Dopo gli incontri organizzati da Associazione Idra presso Villa Saroli che esplorano il tema di spazi culturali che non ci sono ancora e quelli che esistono gi\u00e0, questo appuntamento presso <a href=\"https:\/\/www.instagram.com\/spazio_l_ove\/\">Spazio L&#8217;Ove<\/a> si concentra sugli spazi che non ci sono pi\u00f9. In Svizzera italiana, diverse realt\u00e0 indipendenti hanno rappresentato punti di riferimento culturali e sociali, per poi scontrarsi con difficolt\u00e0 che ne hanno decretato la fine.<\/p>\n<p>L\u2019evento, in collaborazione con <a href=\"https:\/\/www.neroeditions.com\/\">Nero Edizioni<\/a>, si aprir\u00e0 alle 14:00 con la presentazione del pamphlet politico di ecologia radicale Moleculocracy di Emanuele Braga. A seguire, verr\u00e0 anticipata l\u2019uscita del volume dedicato alla storia di Macao, lo spazio indipendente di Milano che per dieci anni ha incarnato un esperimento radicale di autogestione e produzione culturale.<\/p>\n<p>A partire da questa esperienza, la discussione si allargher\u00e0 al contesto della Svizzera italiana, mettendo a confronto il percorso di Macao con quello di diversi spazi che hanno segnato il territorio ticinese. Il dibattito sar\u00e0 moderato dal giornalista Francesco Gabaglio. Quali sono stati i punti di forza e i limiti di queste realt\u00e0? Cosa possiamo imparare dal loro vissuto per immaginare nuovi modelli di spazi indipendenti nel nostro territorio? Un momento per riscoprire il passato di questi spazi e usarlo come guida per nuove prospettive.<\/p>\n<p>13:00 &#8211; porte aperte<br \/>\n14:00 &#8211; presentazione Moleculocracy e spazio Macao a Milano<br \/>\n15:15 &#8211; pausa<br \/>\n15:30 &#8211; tavola rotonda con Macao e spazi culturali della Svizzera italiana<\/p>\n<p>A seguire: aperitivo a offerta libera<\/p>\n<\/div><div class=\"fusion-clearfix\"><\/div><\/div><svg style=\"opacity:0.7;\" xmlns=\"http:\/\/www.w3.org\/2000\/svg\" version=\"1.1\" width=\"100%\" viewBox=\"0 0 600 28\" preserveAspectRatio=\"none\"><g clip-path=\"url(#a)\"><mask id=\"b\" style=\"mask-type:luminance\" maskUnits=\"userSpaceOnUse\" x=\"0\" y=\"0\" width=\"600\" height=\"28\"><path d=\"M0 0h600v28H0V0Z\" fill=\"#fff\"\/><\/mask><g filter=\"url(#c)\" mask=\"url(#b)\"><path d=\"M16.439-18.667h567.123v30.8S438.961-8.4 300-8.4C161.04-8.4 16.438 12.133 16.438 12.133v-30.8Z\" fill=\"#000\"\/><\/g><\/g><defs><clipPath id=\"a\"><path fill=\"#fff\" d=\"M0 0h600v28H0z\"\/><\/clipPath><filter id=\"c\" x=\"5.438\" y=\"-29.667\" width=\"589.123\" height=\"52.8\" filterUnits=\"userSpaceOnUse\" color-interpolation-filters=\"sRGB\"><feFlood flood-opacity=\"0\" result=\"BackgroundImageFix\"\/><feBlend in=\"SourceGraphic\" in2=\"BackgroundImageFix\" result=\"shape\"\/><feGaussianBlur stdDeviation=\"5.5\" result=\"effect1_foregroundBlur_3983_183\"\/><\/filter><\/defs><\/svg><\/div><div class=\"fusion-text fusion-text-2\" style=\"--awb-margin-top:25px;\"><p><strong><span style=\"font-weight: 300;\">Gli incontri saranno seguiti e diffusi in streaming grazie al contributo di <a href=\"https:\/\/www.radiogwen.ch\/\">Radiogwen<\/a> e sono <a href=\"https:\/\/www.spreaker.com\/podcast\/associazione-idra--6549658\">riascoltabili qui.<\/a><br \/>\n<\/span><\/strong>Immagine Collage &#8211; Chiara Bacciarini<\/p>\n<p><strong>Maggiori informazioni: <\/strong><a href=\"http:\/\/www.associazioneidra.ch\">www.associazioneidra.ch<\/a> \u2013 <a href=\"https:\/\/www.i2a.ch\/\">www.i2a.ch<\/a><\/p>\n<\/div><div class=\"awb-gallery-wrapper awb-gallery-wrapper-1 button-span-no\" style=\"--more-btn-alignment:center;\"><div style=\"margin:-5px;--awb-bordersize:0px;\" class=\"fusion-gallery fusion-gallery-container fusion-grid-3 fusion-columns-total-6 fusion-gallery-layout-grid fusion-gallery-1\"><div style=\"padding:5px;\" class=\"fusion-grid-column fusion-gallery-column fusion-gallery-column-3 hover-type-none\"><div class=\"fusion-gallery-image\"><a href=\"https:\/\/associazioneidra.ch\/wp-content\/uploads\/2025\/02\/472642425_17961651356850425_3232032808763024745_n.jpg\" rel=\"noreferrer\" data-rel=\"iLightbox[gallery_image_1]\" class=\"fusion-lightbox\" target=\"_self\"><img decoding=\"async\" src=\"https:\/\/associazioneidra.ch\/wp-content\/uploads\/2025\/02\/472642425_17961651356850425_3232032808763024745_n.jpg\" width=\"1080\" height=\"1350\" alt=\"\" title=\"472642425_17961651356850425_3232032808763024745_n\" aria-label=\"472642425_17961651356850425_3232032808763024745_n\" class=\"img-responsive wp-image-642\" srcset=\"https:\/\/associazioneidra.ch\/wp-content\/uploads\/2025\/02\/472642425_17961651356850425_3232032808763024745_n-200x250.jpg 200w, https:\/\/associazioneidra.ch\/wp-content\/uploads\/2025\/02\/472642425_17961651356850425_3232032808763024745_n-400x500.jpg 400w, https:\/\/associazioneidra.ch\/wp-content\/uploads\/2025\/02\/472642425_17961651356850425_3232032808763024745_n-600x750.jpg 600w, https:\/\/associazioneidra.ch\/wp-content\/uploads\/2025\/02\/472642425_17961651356850425_3232032808763024745_n-800x1000.jpg 800w, https:\/\/associazioneidra.ch\/wp-content\/uploads\/2025\/02\/472642425_17961651356850425_3232032808763024745_n.jpg 1080w\" sizes=\"(min-width: 2200px) 100vw, (min-width: 784px) 397px, (min-width: 712px) 595px, (min-width: 640px) 712px, \" \/><\/a><\/div><\/div><div style=\"padding:5px;\" class=\"fusion-grid-column fusion-gallery-column fusion-gallery-column-3 hover-type-none\"><div class=\"fusion-gallery-image\"><a href=\"https:\/\/associazioneidra.ch\/wp-content\/uploads\/2025\/02\/476099554_17961651365850425_1997020025013996367_n.jpg\" rel=\"noreferrer\" data-rel=\"iLightbox[gallery_image_1]\" class=\"fusion-lightbox\" target=\"_self\"><img decoding=\"async\" src=\"https:\/\/associazioneidra.ch\/wp-content\/uploads\/2025\/02\/476099554_17961651365850425_1997020025013996367_n.jpg\" width=\"1080\" height=\"1350\" alt=\"\" title=\"476099554_17961651365850425_1997020025013996367_n\" aria-label=\"476099554_17961651365850425_1997020025013996367_n\" class=\"img-responsive wp-image-641\" srcset=\"https:\/\/associazioneidra.ch\/wp-content\/uploads\/2025\/02\/476099554_17961651365850425_1997020025013996367_n-200x250.jpg 200w, https:\/\/associazioneidra.ch\/wp-content\/uploads\/2025\/02\/476099554_17961651365850425_1997020025013996367_n-400x500.jpg 400w, https:\/\/associazioneidra.ch\/wp-content\/uploads\/2025\/02\/476099554_17961651365850425_1997020025013996367_n-600x750.jpg 600w, https:\/\/associazioneidra.ch\/wp-content\/uploads\/2025\/02\/476099554_17961651365850425_1997020025013996367_n-800x1000.jpg 800w, https:\/\/associazioneidra.ch\/wp-content\/uploads\/2025\/02\/476099554_17961651365850425_1997020025013996367_n.jpg 1080w\" sizes=\"(min-width: 2200px) 100vw, (min-width: 784px) 397px, (min-width: 712px) 595px, (min-width: 640px) 712px, \" \/><\/a><\/div><\/div><div style=\"padding:5px;\" class=\"fusion-grid-column fusion-gallery-column fusion-gallery-column-3 hover-type-none\"><div class=\"fusion-gallery-image\"><a href=\"https:\/\/associazioneidra.ch\/wp-content\/uploads\/2025\/02\/472634425_17961651380850425_918165639880469678_n.jpg\" rel=\"noreferrer\" data-rel=\"iLightbox[gallery_image_1]\" class=\"fusion-lightbox\" target=\"_self\"><img decoding=\"async\" src=\"https:\/\/associazioneidra.ch\/wp-content\/uploads\/2025\/02\/472634425_17961651380850425_918165639880469678_n.jpg\" width=\"1080\" height=\"1350\" alt=\"\" title=\"472634425_17961651380850425_918165639880469678_n\" aria-label=\"472634425_17961651380850425_918165639880469678_n\" class=\"img-responsive wp-image-639\" srcset=\"https:\/\/associazioneidra.ch\/wp-content\/uploads\/2025\/02\/472634425_17961651380850425_918165639880469678_n-200x250.jpg 200w, https:\/\/associazioneidra.ch\/wp-content\/uploads\/2025\/02\/472634425_17961651380850425_918165639880469678_n-400x500.jpg 400w, https:\/\/associazioneidra.ch\/wp-content\/uploads\/2025\/02\/472634425_17961651380850425_918165639880469678_n-600x750.jpg 600w, https:\/\/associazioneidra.ch\/wp-content\/uploads\/2025\/02\/472634425_17961651380850425_918165639880469678_n-800x1000.jpg 800w, https:\/\/associazioneidra.ch\/wp-content\/uploads\/2025\/02\/472634425_17961651380850425_918165639880469678_n.jpg 1080w\" sizes=\"(min-width: 2200px) 100vw, (min-width: 784px) 397px, (min-width: 712px) 595px, (min-width: 640px) 712px, \" \/><\/a><\/div><\/div><div class=\"clearfix\"><\/div><div style=\"padding:5px;\" class=\"fusion-grid-column fusion-gallery-column fusion-gallery-column-3 hover-type-none\"><div class=\"fusion-gallery-image\"><a href=\"https:\/\/associazioneidra.ch\/wp-content\/uploads\/2025\/02\/476233874_17961651389850425_2609229078072063589_n.jpg\" rel=\"noreferrer\" data-rel=\"iLightbox[gallery_image_1]\" class=\"fusion-lightbox\" target=\"_self\"><img decoding=\"async\" src=\"https:\/\/associazioneidra.ch\/wp-content\/uploads\/2025\/02\/476233874_17961651389850425_2609229078072063589_n.jpg\" width=\"1080\" height=\"1350\" alt=\"\" title=\"476233874_17961651389850425_2609229078072063589_n\" aria-label=\"476233874_17961651389850425_2609229078072063589_n\" class=\"img-responsive wp-image-638\" srcset=\"https:\/\/associazioneidra.ch\/wp-content\/uploads\/2025\/02\/476233874_17961651389850425_2609229078072063589_n-200x250.jpg 200w, https:\/\/associazioneidra.ch\/wp-content\/uploads\/2025\/02\/476233874_17961651389850425_2609229078072063589_n-400x500.jpg 400w, https:\/\/associazioneidra.ch\/wp-content\/uploads\/2025\/02\/476233874_17961651389850425_2609229078072063589_n-600x750.jpg 600w, https:\/\/associazioneidra.ch\/wp-content\/uploads\/2025\/02\/476233874_17961651389850425_2609229078072063589_n-800x1000.jpg 800w, https:\/\/associazioneidra.ch\/wp-content\/uploads\/2025\/02\/476233874_17961651389850425_2609229078072063589_n.jpg 1080w\" sizes=\"(min-width: 2200px) 100vw, (min-width: 784px) 397px, (min-width: 712px) 595px, (min-width: 640px) 712px, \" \/><\/a><\/div><\/div><div style=\"padding:5px;\" class=\"fusion-grid-column fusion-gallery-column fusion-gallery-column-3 hover-type-none\"><div class=\"fusion-gallery-image\"><a href=\"https:\/\/associazioneidra.ch\/wp-content\/uploads\/2025\/02\/472629146_17961651392850425_7389603283763175134_n.jpg\" rel=\"noreferrer\" data-rel=\"iLightbox[gallery_image_1]\" class=\"fusion-lightbox\" target=\"_self\"><img decoding=\"async\" src=\"https:\/\/associazioneidra.ch\/wp-content\/uploads\/2025\/02\/472629146_17961651392850425_7389603283763175134_n.jpg\" width=\"1080\" height=\"1350\" alt=\"\" title=\"472629146_17961651392850425_7389603283763175134_n\" aria-label=\"472629146_17961651392850425_7389603283763175134_n\" class=\"img-responsive wp-image-637\" srcset=\"https:\/\/associazioneidra.ch\/wp-content\/uploads\/2025\/02\/472629146_17961651392850425_7389603283763175134_n-200x250.jpg 200w, https:\/\/associazioneidra.ch\/wp-content\/uploads\/2025\/02\/472629146_17961651392850425_7389603283763175134_n-400x500.jpg 400w, https:\/\/associazioneidra.ch\/wp-content\/uploads\/2025\/02\/472629146_17961651392850425_7389603283763175134_n-600x750.jpg 600w, https:\/\/associazioneidra.ch\/wp-content\/uploads\/2025\/02\/472629146_17961651392850425_7389603283763175134_n-800x1000.jpg 800w, https:\/\/associazioneidra.ch\/wp-content\/uploads\/2025\/02\/472629146_17961651392850425_7389603283763175134_n.jpg 1080w\" sizes=\"(min-width: 2200px) 100vw, (min-width: 784px) 397px, (min-width: 712px) 595px, (min-width: 640px) 712px, \" \/><\/a><\/div><\/div><div style=\"padding:5px;\" class=\"fusion-grid-column fusion-gallery-column fusion-gallery-column-3 hover-type-none\"><div class=\"fusion-gallery-image\"><a href=\"https:\/\/associazioneidra.ch\/wp-content\/uploads\/2025\/02\/472714575_17961651401850425_8428202511588290337_n.jpg\" rel=\"noreferrer\" data-rel=\"iLightbox[gallery_image_1]\" class=\"fusion-lightbox\" target=\"_self\"><img decoding=\"async\" src=\"https:\/\/associazioneidra.ch\/wp-content\/uploads\/2025\/02\/472714575_17961651401850425_8428202511588290337_n.jpg\" width=\"1080\" height=\"1350\" alt=\"\" title=\"472714575_17961651401850425_8428202511588290337_n\" aria-label=\"472714575_17961651401850425_8428202511588290337_n\" class=\"img-responsive wp-image-636\" srcset=\"https:\/\/associazioneidra.ch\/wp-content\/uploads\/2025\/02\/472714575_17961651401850425_8428202511588290337_n-200x250.jpg 200w, https:\/\/associazioneidra.ch\/wp-content\/uploads\/2025\/02\/472714575_17961651401850425_8428202511588290337_n-400x500.jpg 400w, https:\/\/associazioneidra.ch\/wp-content\/uploads\/2025\/02\/472714575_17961651401850425_8428202511588290337_n-600x750.jpg 600w, https:\/\/associazioneidra.ch\/wp-content\/uploads\/2025\/02\/472714575_17961651401850425_8428202511588290337_n-800x1000.jpg 800w, https:\/\/associazioneidra.ch\/wp-content\/uploads\/2025\/02\/472714575_17961651401850425_8428202511588290337_n.jpg 1080w\" sizes=\"(min-width: 2200px) 100vw, (min-width: 784px) 397px, (min-width: 712px) 595px, (min-width: 640px) 712px, \" \/><\/a><\/div><\/div><div class=\"clearfix\"><\/div><\/div><\/div><div class=\"fusion-text fusion-text-3\"><h3>Riascolta gli incontri:<\/h3>\n<\/div><div class=\"fusion-text fusion-text-4\"><p><iframe src=\"https:\/\/widget.spreaker.com\/player?show_id=6549658&amp;theme=dark&amp;playlist=show&amp;playlist-continuous=true&amp;chapters-image=true\" width=\"100%\" height=\"400px\" frameborder=\"0\"><\/iframe><\/p>\n<\/div><\/div><\/div><div class=\"fusion-layout-column fusion_builder_column fusion-builder-column-1 fusion_builder_column_1_3 1_3 fusion-flex-column\" style=\"--awb-bg-size:cover;--awb-width-large:33.333333333333%;--awb-margin-top-large:0px;--awb-spacing-right-large:5.76%;--awb-margin-bottom-large:20px;--awb-spacing-left-large:5.76%;--awb-width-medium:33.333333333333%;--awb-order-medium:0;--awb-spacing-right-medium:5.76%;--awb-spacing-left-medium:5.76%;--awb-width-small:100%;--awb-order-small:0;--awb-spacing-right-small:1.92%;--awb-spacing-left-small:1.92%;\"><div class=\"fusion-column-wrapper fusion-column-has-shadow fusion-flex-justify-content-flex-start fusion-content-layout-column\"><div class=\"fusion-image-element\" style=\"--awb-margin-bottom:25px;--awb-caption-title-font-family:var(--h2_typography-font-family);--awb-caption-title-font-weight:var(--h2_typography-font-weight);--awb-caption-title-font-style:var(--h2_typography-font-style);--awb-caption-title-size:var(--h2_typography-font-size);--awb-caption-title-transform:var(--h2_typography-text-transform);--awb-caption-title-line-height:var(--h2_typography-line-height);--awb-caption-title-letter-spacing:var(--h2_typography-letter-spacing);\"><span class=\" fusion-imageframe imageframe-none imageframe-1 hover-type-none\"><img decoding=\"async\" width=\"716\" height=\"1024\" title=\"mostra idra i2a\" src=\"https:\/\/associazioneidra.ch\/wp-content\/uploads\/2025\/02\/mostra-idra-i2a-716x1024.jpg\" alt class=\"img-responsive wp-image-605\" srcset=\"https:\/\/associazioneidra.ch\/wp-content\/uploads\/2025\/02\/mostra-idra-i2a-200x286.jpg 200w, https:\/\/associazioneidra.ch\/wp-content\/uploads\/2025\/02\/mostra-idra-i2a-400x572.jpg 400w, https:\/\/associazioneidra.ch\/wp-content\/uploads\/2025\/02\/mostra-idra-i2a-600x858.jpg 600w, https:\/\/associazioneidra.ch\/wp-content\/uploads\/2025\/02\/mostra-idra-i2a-800x1144.jpg 800w, https:\/\/associazioneidra.ch\/wp-content\/uploads\/2025\/02\/mostra-idra-i2a-1200x1716.jpg 1200w, https:\/\/associazioneidra.ch\/wp-content\/uploads\/2025\/02\/mostra-idra-i2a-scaled.jpg 1790w\" sizes=\"(max-width: 640px) 100vw, 400px\" \/><\/span><\/div><div class=\"fusion-reading-box-container reading-box-container-5\" style=\"--awb-title-color:var(--awb-color8);--awb-margin-top:0px;--awb-margin-bottom:20px;\"><div class=\"reading-box\" style=\"background-color:var(--awb-color2);border-width:1px;border-color:rgba(226,226,226,0);border-left-width:3px;border-left-color:var(--primary_color);border-style:solid;padding-top:25px;\"><div class=\"reading-box-description\">RISORSE<\/div><div class=\"reading-box-additional\">\n<ul>\n<li><a href=\"https:\/\/associazioneidra.ch\/?p=15\">Carta della Gerra<\/a><\/li>\n<li><a href=\"https:\/\/associazioneidra.ch\/?p=103\">10, 100, 1000 spazi #1<\/a><\/li>\n<li><a href=\"https:\/\/www.spreaker.com\/episode\/quali-prospettive-per-gli-spazi-culturali-indipendenti-a-lugano--64187808?utm_medium=app&amp;utm_source=widget&amp;utm_campaign=episode-title\">Dibattito 18.3.23<\/a><\/li>\n<\/ul>\n<\/div><div class=\"fusion-clearfix\"><\/div><\/div><\/div><div class=\"fusion-image-element\" style=\"--awb-caption-title-font-family:var(--h2_typography-font-family);--awb-caption-title-font-weight:var(--h2_typography-font-weight);--awb-caption-title-font-style:var(--h2_typography-font-style);--awb-caption-title-size:var(--h2_typography-font-size);--awb-caption-title-transform:var(--h2_typography-text-transform);--awb-caption-title-line-height:var(--h2_typography-line-height);--awb-caption-title-letter-spacing:var(--h2_typography-letter-spacing);\"><span class=\" fusion-imageframe imageframe-none imageframe-2 hover-type-none\"><img decoding=\"async\" width=\"768\" height=\"1024\" title=\"4.2_copyright_Natan Riso\" src=\"https:\/\/associazioneidra.ch\/wp-content\/uploads\/2025\/02\/4.2_copyright_Natan-Riso-768x1024.jpg\" alt class=\"img-responsive wp-image-648\" srcset=\"https:\/\/associazioneidra.ch\/wp-content\/uploads\/2025\/02\/4.2_copyright_Natan-Riso-200x267.jpg 200w, https:\/\/associazioneidra.ch\/wp-content\/uploads\/2025\/02\/4.2_copyright_Natan-Riso-400x533.jpg 400w, https:\/\/associazioneidra.ch\/wp-content\/uploads\/2025\/02\/4.2_copyright_Natan-Riso-600x800.jpg 600w, https:\/\/associazioneidra.ch\/wp-content\/uploads\/2025\/02\/4.2_copyright_Natan-Riso-800x1067.jpg 800w, https:\/\/associazioneidra.ch\/wp-content\/uploads\/2025\/02\/4.2_copyright_Natan-Riso-1200x1600.jpg 1200w, https:\/\/associazioneidra.ch\/wp-content\/uploads\/2025\/02\/4.2_copyright_Natan-Riso-scaled.jpg 1920w\" sizes=\"(max-width: 640px) 100vw, 400px\" \/><\/span><\/div><div class=\"fusion-reading-box-container reading-box-container-6\" style=\"--awb-title-color:var(--awb-color8);--awb-margin-top:0px;--awb-margin-bottom:20px;\"><div class=\"reading-box\" style=\"background-color:var(--awb-color2);border-width:1px;border-color:rgba(226,226,226,0);border-left-width:3px;border-left-color:var(--primary_color);border-style:solid;padding-top:25px;\"><div class=\"reading-box-description\">LINK<\/div><div class=\"reading-box-additional\">\n<ul>\n<li><a href=\"https:\/\/associazioneidra.ch\">Associazione Idra<\/a><\/li>\n<li><a href=\"https:\/\/www.supsi.ch\/bachelor-architettura-interni\">Bachelor in Architettura d\u2019interni della SUPSI<\/a><\/li>\n<li><a href=\"https:\/\/www.i2a.ch\">i2a<\/a><\/li>\n<li><a href=\"https:\/\/www.lugano.ch\/la-mia-citta\/amministrazione\/dicasteri-divisioni\/dicastero-cultura-sport-eventi\/cultura\/\">Citt\u00e0 di Lugano<\/a><\/li>\n<li><a href=\"https:\/\/vsi-asai.ch\/it\">VSI-ASAI<\/a><\/li>\n<li><a href=\"https:\/\/www.radiogwen.ch\/\">Radiogwen<\/a><\/li>\n<\/ul>\n<\/div><div class=\"fusion-clearfix\"><\/div><\/div><\/div><\/div><\/div><\/div><\/div>\n","protected":false},"excerpt":{"rendered":"","protected":false},"author":2,"featured_media":583,"comment_status":"closed","ping_status":"closed","sticky":false,"template":"","format":"standard","meta":{"footnotes":""},"categories":[5,2],"tags":[],"class_list":["post-582","post","type-post","status-publish","format-standard","has-post-thumbnail","hentry","category-eventi","category-news"],"_links":{"self":[{"href":"https:\/\/associazioneidra.ch\/index.php?rest_route=\/wp\/v2\/posts\/582","targetHints":{"allow":["GET"]}}],"collection":[{"href":"https:\/\/associazioneidra.ch\/index.php?rest_route=\/wp\/v2\/posts"}],"about":[{"href":"https:\/\/associazioneidra.ch\/index.php?rest_route=\/wp\/v2\/types\/post"}],"author":[{"embeddable":true,"href":"https:\/\/associazioneidra.ch\/index.php?rest_route=\/wp\/v2\/users\/2"}],"replies":[{"embeddable":true,"href":"https:\/\/associazioneidra.ch\/index.php?rest_route=%2Fwp%2Fv2%2Fcomments&post=582"}],"version-history":[{"count":51,"href":"https:\/\/associazioneidra.ch\/index.php?rest_route=\/wp\/v2\/posts\/582\/revisions"}],"predecessor-version":[{"id":830,"href":"https:\/\/associazioneidra.ch\/index.php?rest_route=\/wp\/v2\/posts\/582\/revisions\/830"}],"wp:featuredmedia":[{"embeddable":true,"href":"https:\/\/associazioneidra.ch\/index.php?rest_route=\/wp\/v2\/media\/583"}],"wp:attachment":[{"href":"https:\/\/associazioneidra.ch\/index.php?rest_route=%2Fwp%2Fv2%2Fmedia&parent=582"}],"wp:term":[{"taxonomy":"category","embeddable":true,"href":"https:\/\/associazioneidra.ch\/index.php?rest_route=%2Fwp%2Fv2%2Fcategories&post=582"},{"taxonomy":"post_tag","embeddable":true,"href":"https:\/\/associazioneidra.ch\/index.php?rest_route=%2Fwp%2Fv2%2Ftags&post=582"}],"curies":[{"name":"wp","href":"https:\/\/api.w.org\/{rel}","templated":true}]}}