{"id":826,"date":"2025-04-02T06:45:04","date_gmt":"2025-04-02T06:45:04","guid":{"rendered":"https:\/\/associazioneidra.ch\/?p=826"},"modified":"2025-04-02T06:45:55","modified_gmt":"2025-04-02T06:45:55","slug":"sondaggio-spazi-per-la-cultura-indipendente","status":"publish","type":"post","link":"https:\/\/associazioneidra.ch\/?p=826","title":{"rendered":"Sondaggio: spazi per la cultura indipendente"},"content":{"rendered":"<p><strong>Diamo spazio a un sondaggio, promosso dall&#8217;Osservatorio Culturale, relativo alla produzione e alla diffusione della cultura. <\/strong>I questionari hanno come obiettivo quello di chiarire quali sono le\u00a0<strong>richieste della cultura indipendente in rapporto agli spazi<\/strong>.<\/p>\n<p>Di seguito trovate i link per compilare i questionari:<\/p>\n<ul>\n<li><a href=\"https:\/\/associazioneidra.us14.list-manage.com\/track\/click?u=19ae8022f146c5a3e96957547&amp;id=7afac18919&amp;e=41b0eea93b\">Sondaggio per la produzione culturale<\/a><\/li>\n<li><a href=\"https:\/\/associazioneidra.us14.list-manage.com\/track\/click?u=19ae8022f146c5a3e96957547&amp;id=e7a3e71866&amp;e=41b0eea93b\">Sondaggio per la diffusione culturale<\/a><\/li>\n<\/ul>\n<p>I questionari sono indirizzati a tutti i professionisti e a tutte le professioniste che si occupano di produzione o di diffusione di contenuti culturali originali e innovativi in modo indipendente o all\u2019interno di organizzazioni culturali.<\/p>\n<p><strong>Termine per la compilazione del questionario: 31.05.2025<\/strong><\/p>\n<p><em>PS: La foto qui sopra \u00e8 di\u00a0<a href=\"https:\/\/associazioneidra.us14.list-manage.com\/track\/click?u=19ae8022f146c5a3e96957547&amp;id=ca58c6875c&amp;e=41b0eea93b\" target=\"_blank\" rel=\"noopener\">minchiamokevin<\/a><\/em><\/p>\n<blockquote>\n<h3 class=\"default-heading3\">Sondaggio sulle necessit\u00e0 della cultura indipendente in rapporto al tema degli spazi<\/h3>\n<p>L\u2019Osservatorio culturale del Cantone Ticino sta svolgendo un\u2019indagine riguardante gli spazi per la cultura indipendente. Nel quadro dell&#8217;indagine abbiamo sviluppato due questionari, uno riguardante la <strong>produzione culturale<\/strong>, l&#8217;altro la <strong>diffusione culturale<\/strong>. I questionari &#8211; elaborati in collaborazione con l\u2019Associazione Idra &#8211; hanno come obiettivo quello di chiarire quali sono le <strong>richieste della cultura indipendente in rapporto agli spazi di cui necessiterebbe<\/strong>.<\/p>\n<p><strong><u>I questionari sono indirizzati a tutti i professionisti e a tutte le professioniste che si occupano di produzione o di diffusione di contenuti culturali originali e innovativi in modo indipendente o all\u2019interno di organizzazioni culturali. Sono escluse attivit\u00e0 culturali istituzionali (appartenenti all\u2019Ente pubblico), che coinvolgono rappresentanti dell\u2019Ente pubblico e che si svolgono secondo un mandato pubblico.<\/u><\/strong><\/p>\n<p>Una buona partecipazione degli e delle esponenti della cultura indipendente \u00e8 un requisito importante per rilevare nella maniera pi\u00f9 completa possibile le necessit\u00e0 collettive. Per questo motivo, vi invitiamo gentilmente a compilare direttamente i questionari o a inoltrarlo alle vostre conoscenze che rientrano nella definizione di cui sopra. Nel caso delle associazioni mantello, vi chiediamo di inoltrarlo a vostri associati.<\/p>\n<p>Di seguito trovate i link per compilare i questionari:<\/p>\n<ul>\n<li><a href=\"https:\/\/c00w4.r.ag.d.sendibm3.com\/mk\/cl\/f\/sh\/1t6Af4OiGsDg0YrILog16baAZMhsXu\/SHFz8vYdl2qK\">Sondaggio per la produzione culturale<\/a><\/li>\n<\/ul>\n<p>Per produzione di contenuti culturali si intende l\u2019insieme delle attivit\u00e0 messe in campo per far s\u00ec che un progetto possa essere realizzato. I lavori di produzione comprendono tutte le attivit\u00e0 artistiche, amministrative e finanziarie portate avanti da un\/a singolo\/a artista, un gruppo di artisti\/e per la realizzazione del progetto stesso. In particolare si tratta del lavoro di creazione\/realizzazione artistica vero e proprio, cos\u00ec come dell\u2019elaborazione di un piano di diffusione, delle negoziazioni con eventuali partner di diffusione (teatri, festival, gallerie, musei, editori, \u2026), della ricerca fondi e del lavoro amministrativo e gestionale riferito a questa fase.<\/p>\n<ul>\n<li><a href=\"https:\/\/c00w4.r.ag.d.sendibm3.com\/mk\/cl\/f\/sh\/1t6Af4OiGsE8LH3ikAlwGrdzxBgcFy\/69E-Nw5TAd1Z\">Sondaggio per la diffusione culturale<\/a><\/li>\n<\/ul>\n<p>Viene definita diffusione l\u2019insieme delle attivit\u00e0 svolte da individui che ricoprono il ruolo di organizzatori, programmatori o curatori che consentono a un\u2019opera artistica di essere presentata al pubblico.<\/p>\n<p><strong><u>Termine per la compilazione del questionario: 31.05.2025<\/u><\/strong><\/p>\n<p>Vi ringraziamo per la preziosa collaborazione.<\/p>\n<p>Osservatorio culturale del Cantone Ticino<\/p><\/blockquote>\n","protected":false},"excerpt":{"rendered":"<p>Diamo spazio a un sondaggio, promosso dall&#8217;Osservatorio Culturale, relativo alla  [&#8230;]<\/p>\n","protected":false},"author":2,"featured_media":827,"comment_status":"closed","ping_status":"closed","sticky":false,"template":"","format":"standard","meta":{"footnotes":""},"categories":[2,7],"tags":[],"class_list":["post-826","post","type-post","status-publish","format-standard","has-post-thumbnail","hentry","category-news","category-politica-istituzionale"],"_links":{"self":[{"href":"https:\/\/associazioneidra.ch\/index.php?rest_route=\/wp\/v2\/posts\/826","targetHints":{"allow":["GET"]}}],"collection":[{"href":"https:\/\/associazioneidra.ch\/index.php?rest_route=\/wp\/v2\/posts"}],"about":[{"href":"https:\/\/associazioneidra.ch\/index.php?rest_route=\/wp\/v2\/types\/post"}],"author":[{"embeddable":true,"href":"https:\/\/associazioneidra.ch\/index.php?rest_route=\/wp\/v2\/users\/2"}],"replies":[{"embeddable":true,"href":"https:\/\/associazioneidra.ch\/index.php?rest_route=%2Fwp%2Fv2%2Fcomments&post=826"}],"version-history":[{"count":2,"href":"https:\/\/associazioneidra.ch\/index.php?rest_route=\/wp\/v2\/posts\/826\/revisions"}],"predecessor-version":[{"id":829,"href":"https:\/\/associazioneidra.ch\/index.php?rest_route=\/wp\/v2\/posts\/826\/revisions\/829"}],"wp:featuredmedia":[{"embeddable":true,"href":"https:\/\/associazioneidra.ch\/index.php?rest_route=\/wp\/v2\/media\/827"}],"wp:attachment":[{"href":"https:\/\/associazioneidra.ch\/index.php?rest_route=%2Fwp%2Fv2%2Fmedia&parent=826"}],"wp:term":[{"taxonomy":"category","embeddable":true,"href":"https:\/\/associazioneidra.ch\/index.php?rest_route=%2Fwp%2Fv2%2Fcategories&post=826"},{"taxonomy":"post_tag","embeddable":true,"href":"https:\/\/associazioneidra.ch\/index.php?rest_route=%2Fwp%2Fv2%2Ftags&post=826"}],"curies":[{"name":"wp","href":"https:\/\/api.w.org\/{rel}","templated":true}]}}