{"id":89,"date":"2022-10-17T12:48:02","date_gmt":"2022-10-17T12:48:02","guid":{"rendered":"https:\/\/associazioneidra.ch\/?p=89"},"modified":"2026-03-31T19:34:26","modified_gmt":"2026-03-31T19:34:26","slug":"la-straordinaria-per-la-prima-volta-in-ticino","status":"publish","type":"post","link":"https:\/\/associazioneidra.ch\/?p=89","title":{"rendered":"La Straordinaria per la prima volta in Ticino"},"content":{"rendered":"<div class=\"fusion-fullwidth fullwidth-box fusion-builder-row-1 fusion-flex-container has-pattern-background has-mask-background nonhundred-percent-fullwidth non-hundred-percent-height-scrolling\" style=\"--awb-border-radius-top-left:0px;--awb-border-radius-top-right:0px;--awb-border-radius-bottom-right:0px;--awb-border-radius-bottom-left:0px;--awb-flex-wrap:wrap;\" ><div class=\"fusion-builder-row fusion-row fusion-flex-align-items-flex-start fusion-flex-content-wrap\" style=\"max-width:1248px;margin-left: calc(-4% \/ 2 );margin-right: calc(-4% \/ 2 );\"><div class=\"fusion-layout-column fusion_builder_column fusion-builder-column-0 fusion_builder_column_2_3 2_3 fusion-flex-column\" style=\"--awb-bg-size:cover;--awb-width-large:66.666666666667%;--awb-margin-top-large:0px;--awb-spacing-right-large:2.88%;--awb-margin-bottom-large:20px;--awb-spacing-left-large:2.88%;--awb-width-medium:66.666666666667%;--awb-order-medium:0;--awb-spacing-right-medium:2.88%;--awb-spacing-left-medium:2.88%;--awb-width-small:100%;--awb-order-small:0;--awb-spacing-right-small:1.92%;--awb-spacing-left-small:1.92%;\"><div class=\"fusion-column-wrapper fusion-column-has-shadow fusion-flex-justify-content-flex-start fusion-content-layout-column\"><div class=\"fusion-text fusion-text-1\"><p><strong>Dal 28 dicembre 2022 al 28 marzo 2023, l\u2019Associazione Idra porter\u00e0 per la prima volta nella Svizzera italiana lo spazio culturale itinerante Tour Vagabonde, che accoglier\u00e0 a Lugano, sul sedime della Gerra, La Straordinaria: una programmazione dedicata alle numerose sfaccettature della creazione artistica contemporanea. Saranno presentati oltre 50 eventi che coinvolgeranno pi\u00f9 di 100 artiste e artisti provenienti da tutta la Svizzera e dall\u2019Europa, attivi in tutti gli ambiti della cultura (arti visive, teatro, letteratura, cinema, musica).<\/strong><\/p>\n<p><iframe title=\"YouTube video player\" src=\"https:\/\/www.youtube.com\/embed\/fIO-96eXV4Q?si=0YD1H4zvsN4RIA3N\" width=\"560\" height=\"315\" frameborder=\"0\" allowfullscreen=\"allowfullscreen\"><\/iframe><\/p>\n<p>L\u2019 Associazione Idra presenta per la prima volta in Ticino la Tour Vagabonde per promuovere il rilancio della vita culturale nel luganese, duramente colpita dalla pandemia di Covid-19 e dalla chiusura di spazi socio-culturali storici (Living Room, Casotto, Morel, CSOA Molino, il Domani). Una situazione drammatica pi\u00f9 volte riportata dai media locali con preoccupante impatto sul tessuto sociale della regione e sull\u2019attrattiva di Lugano.<\/p>\n<p>Di fronte a questa urgenza, la Citt\u00e0 di Lugano, ha accolto con grande entusiasmo il progetto lanciato dall\u2019Associazione Idra, riconoscendone l\u2019importanza fondamentale per l\u2019ecosistema culturale cittadino, mettendo generosamente a disposizione a titolo di sostegno un vasto spazio sterrato a Cornaredo, oltre ad un importante sostegno finanziario e in prestazioni.<\/p>\n<p>Nel presente dossier \u00e8 allegata una lettera di sostegno della Citt\u00e0 di Lugano, che conferma il suo appoggio al progetto. La Tour Vagabonde, durante i tre mesi di presenza a Lugano, sar\u00e0 il pi\u00f9 grande spazio culturale indipendente di tutta la Svizzera italiana. Il progetto vuole presentare alla popolazione una ricca e diversificata offerta culturale in tutti gli ambiti della creazione artistica contemporanea. La Tour Vagabonde sar\u00e0 un luogo per immer gersi nella vita culturale della regione in un ambiente conviviale, con spazi ed eventi dedicati specificatamente alla socialit\u00e0 e alla partecipazione culturale.<\/p>\n<p>Creata oltre 25 anni fa a Friborgo sul modello dei teatri elisabettiani, La Tour Vagabonde \u00e8 una grande struttura itinerante che permette di accogliere importanti spettacoli in tutte le discipline artistiche e un pubblico di oltre 300 persone. La struttura ha viaggiato nelle principali citt\u00e0 svizzere e europee accogliendo programmazioni realizzate da associazioni presenti sui rispettivi territori.<\/p>\n<p>La Straordinaria &#8211; il titolo di questa iniziativa &#8211; che definisce il titolo di questa iniziativa &#8211; vuole offrire una nuova piattaforma di diffusione e creazione alle artiste e agli artisti, per ridare un po\u2019 di respiro ad un settore pesantemente colpito dalla pandemia e che fatica a trovare spazi nel Luganese.<\/p>\n<p>La programmazione vuole favorire gli scambi culturali tra la Svizzera italiana e altre regioni linguistiche della Svizzera e la vicina Italia ed \u00e8 concepita per toccare e coinvolgere un\u2019ampia fetta della popolazione attraverso proposte complementari a quelle gi\u00e0 presenti sul territorio. Saranno inoltre organizzate attivit\u00e0 specifiche per tutte le generazioni, gratuite o a prezzi accessibili e momenti appositamente dedicati alla partecipazione culturale (workshop, atelier per bambini) e alla socialit\u00e0 (mercatini, eventi culinari, ecc). Infine l\u2019offerta culturale proposta ha come obiettivo quello di promuovere riflessioni attorno al potenziale di sviluppo della scena culturale a Lugano. A tal fine, saranno dedicati speciali momenti di mediazione, discussione e presentazione (incontri, tavole rotonde, dibattiti) che coinvolgeranno la popolazione e gli attori culturali.<\/p>\n<p>L\u2019Associazione Idra nasce dall\u2019incontro spontaneo e appassionato di operatrici e operatori culturali attivi da diversi anni per la promozione delle arti in Ticino, uniti dal comune intento di rilanciare la scena culturale indipendente, presentandola in maniera \u201cstraordinaria\u201d alla popolazione nella sua multiforme complessit\u00e0, Olmo Cerri (regista), Damiano Merzari (grafico, musicista, promotore culturale e organizzatore di eventi), Marko Miladinovic (poeta e promotore culturale), Camilla Parini (performer), Nadia Peter (musicista e curatrice musicale), S\u00e9bastien Peter (curatore e promotore culturale), Antonio Prata (regista e produttore), Noah Sartori (promotore culturale, organizzatore di eventi e musicista) e Francesca Sproccati (performer).<\/p>\n<ul>\n<li><a href=\"https:\/\/associazioneidra.ch\/wp-content\/uploads\/2024\/05\/Cartella-Stampa-17-10-22.zip\">Cartella-Stampa-17-10-22<\/a><\/li>\n<\/ul>\n<\/div><\/div><\/div><div class=\"fusion-layout-column fusion_builder_column fusion-builder-column-1 fusion_builder_column_1_3 1_3 fusion-flex-column\" style=\"--awb-bg-size:cover;--awb-width-large:33.333333333333%;--awb-margin-top-large:0px;--awb-spacing-right-large:5.76%;--awb-margin-bottom-large:20px;--awb-spacing-left-large:5.76%;--awb-width-medium:33.333333333333%;--awb-order-medium:0;--awb-spacing-right-medium:5.76%;--awb-spacing-left-medium:5.76%;--awb-width-small:100%;--awb-order-small:0;--awb-spacing-right-small:1.92%;--awb-spacing-left-small:1.92%;\"><div class=\"fusion-column-wrapper fusion-column-has-shadow fusion-flex-justify-content-flex-start fusion-content-layout-column\"><div class=\"fusion-image-element\" style=\"--awb-caption-title-font-family:var(--h2_typography-font-family);--awb-caption-title-font-weight:var(--h2_typography-font-weight);--awb-caption-title-font-style:var(--h2_typography-font-style);--awb-caption-title-size:var(--h2_typography-font-size);--awb-caption-title-transform:var(--h2_typography-text-transform);--awb-caption-title-line-height:var(--h2_typography-line-height);--awb-caption-title-letter-spacing:var(--h2_typography-letter-spacing);\"><span class=\" fusion-imageframe imageframe-none imageframe-1 hover-type-none\"><img decoding=\"async\" width=\"1024\" height=\"576\" title=\"lastraordinaria\" src=\"https:\/\/associazioneidra.ch\/wp-content\/uploads\/2024\/05\/lastraordinaria-1024x576.jpg\" alt class=\"img-responsive wp-image-10\" srcset=\"https:\/\/associazioneidra.ch\/wp-content\/uploads\/2024\/05\/lastraordinaria-200x113.jpg 200w, https:\/\/associazioneidra.ch\/wp-content\/uploads\/2024\/05\/lastraordinaria-400x225.jpg 400w, https:\/\/associazioneidra.ch\/wp-content\/uploads\/2024\/05\/lastraordinaria-600x338.jpg 600w, https:\/\/associazioneidra.ch\/wp-content\/uploads\/2024\/05\/lastraordinaria-800x450.jpg 800w, https:\/\/associazioneidra.ch\/wp-content\/uploads\/2024\/05\/lastraordinaria-1200x675.jpg 1200w, https:\/\/associazioneidra.ch\/wp-content\/uploads\/2024\/05\/lastraordinaria.jpg 1920w\" sizes=\"(max-width: 640px) 100vw, 400px\" \/><\/span><\/div><div class=\"fusion-image-element\" style=\"--awb-margin-top:25px;--awb-caption-title-font-family:var(--h2_typography-font-family);--awb-caption-title-font-weight:var(--h2_typography-font-weight);--awb-caption-title-font-style:var(--h2_typography-font-style);--awb-caption-title-size:var(--h2_typography-font-size);--awb-caption-title-transform:var(--h2_typography-text-transform);--awb-caption-title-line-height:var(--h2_typography-line-height);--awb-caption-title-letter-spacing:var(--h2_typography-letter-spacing);\"><span class=\" fusion-imageframe imageframe-none imageframe-2 hover-type-none\"><img decoding=\"async\" width=\"1024\" height=\"576\" title=\"lastraordinaria-1\" src=\"https:\/\/associazioneidra.ch\/wp-content\/uploads\/2024\/05\/lastraordinaria-1-1024x576.jpg\" alt class=\"img-responsive wp-image-17\" srcset=\"https:\/\/associazioneidra.ch\/wp-content\/uploads\/2024\/05\/lastraordinaria-1-200x113.jpg 200w, https:\/\/associazioneidra.ch\/wp-content\/uploads\/2024\/05\/lastraordinaria-1-400x225.jpg 400w, https:\/\/associazioneidra.ch\/wp-content\/uploads\/2024\/05\/lastraordinaria-1-600x338.jpg 600w, https:\/\/associazioneidra.ch\/wp-content\/uploads\/2024\/05\/lastraordinaria-1-800x450.jpg 800w, https:\/\/associazioneidra.ch\/wp-content\/uploads\/2024\/05\/lastraordinaria-1-1200x675.jpg 1200w, https:\/\/associazioneidra.ch\/wp-content\/uploads\/2024\/05\/lastraordinaria-1.jpg 1920w\" sizes=\"(max-width: 640px) 100vw, 400px\" \/><\/span><\/div><\/div><\/div><\/div><\/div>\n","protected":false},"excerpt":{"rendered":"","protected":false},"author":2,"featured_media":10,"comment_status":"closed","ping_status":"closed","sticky":false,"template":"","format":"standard","meta":{"footnotes":""},"categories":[2],"tags":[],"class_list":["post-89","post","type-post","status-publish","format-standard","has-post-thumbnail","hentry","category-news"],"_links":{"self":[{"href":"https:\/\/associazioneidra.ch\/index.php?rest_route=\/wp\/v2\/posts\/89","targetHints":{"allow":["GET"]}}],"collection":[{"href":"https:\/\/associazioneidra.ch\/index.php?rest_route=\/wp\/v2\/posts"}],"about":[{"href":"https:\/\/associazioneidra.ch\/index.php?rest_route=\/wp\/v2\/types\/post"}],"author":[{"embeddable":true,"href":"https:\/\/associazioneidra.ch\/index.php?rest_route=\/wp\/v2\/users\/2"}],"replies":[{"embeddable":true,"href":"https:\/\/associazioneidra.ch\/index.php?rest_route=%2Fwp%2Fv2%2Fcomments&post=89"}],"version-history":[{"count":5,"href":"https:\/\/associazioneidra.ch\/index.php?rest_route=\/wp\/v2\/posts\/89\/revisions"}],"predecessor-version":[{"id":978,"href":"https:\/\/associazioneidra.ch\/index.php?rest_route=\/wp\/v2\/posts\/89\/revisions\/978"}],"wp:featuredmedia":[{"embeddable":true,"href":"https:\/\/associazioneidra.ch\/index.php?rest_route=\/wp\/v2\/media\/10"}],"wp:attachment":[{"href":"https:\/\/associazioneidra.ch\/index.php?rest_route=%2Fwp%2Fv2%2Fmedia&parent=89"}],"wp:term":[{"taxonomy":"category","embeddable":true,"href":"https:\/\/associazioneidra.ch\/index.php?rest_route=%2Fwp%2Fv2%2Fcategories&post=89"},{"taxonomy":"post_tag","embeddable":true,"href":"https:\/\/associazioneidra.ch\/index.php?rest_route=%2Fwp%2Fv2%2Ftags&post=89"}],"curies":[{"name":"wp","href":"https:\/\/api.w.org\/{rel}","templated":true}]}}