{"id":916,"date":"2025-09-10T17:15:26","date_gmt":"2025-09-10T17:15:26","guid":{"rendered":"https:\/\/associazioneidra.ch\/?p=916"},"modified":"2025-11-21T17:18:11","modified_gmt":"2025-11-21T17:18:11","slug":"curtain-up","status":"publish","type":"post","link":"https:\/\/associazioneidra.ch\/?p=916","title":{"rendered":"Curtain up!"},"content":{"rendered":"<p data-start=\"92\" data-end=\"458\"><strong data-start=\"92\" data-end=\"107\">Curtain up!<\/strong> \u00e8 il titolo del laboratorio di scenografia urbana che si \u00e8 svolto a Lugano, nel quartiere di Viganello, dal 5 al 10 settembre 2025. Pensato per esplorare, interrogare e attivare alcuni spazi pubblici della citt\u00e0, il laboratorio ha adottato il sipario come dispositivo scenografico e la parola poetica come strumenti di osservazione, critica e azione.<\/p>\n<p data-start=\"460\" data-end=\"1127\">Dopo una prima fase di esplorazione, analisi e incontri con espert\u0259 invitati, Lugano \u00e8 stata osservata come caso di studio per mettere in discussione luoghi urbani poco valorizzati, in un contesto sociale caratterizzato dalla costante ricerca di spazi dedicati alla cultura indipendente. La realizzazione e l\u2019utilizzo sperimentale di un sipario portatile, accompagnato dal gesto poetico, hanno permesso di testare il potenziale dell\u2019azione scenografica come mezzo di attivazione urbana: la sua presenza nello spazio pubblico ha generato momenti di attenzione condivisa, rivelando la capacit\u00e0 di innescare nuovi sguardi, curiosit\u00e0 e relazioni spontanee tra i passanti.<\/p>\n<p data-start=\"1129\" data-end=\"1694\">Il laboratorio ha cos\u00ec alimentato il desiderio di continuare a sperimentare forme scenografiche e performative per lo spazio urbano. Per comprendere pi\u00f9 a fondo il contesto in cui si inserisce il tema della cultura indipendente a Lugano, il percorso di esplorazione si \u00e8 spostato verso la sponda est del fiume Cassarate, dove ha avuto luogo un incontro fondamentale con l\u2019Associazione Idra \u2014 realt\u00e0 culturale indipendente attiva nella promozione della scena artistica autonoma attraverso progetti di attivazione urbana, spazi temporanei e piattaforme partecipative.<\/p>\n<p data-start=\"1696\" data-end=\"2199\">Guidat\u0259 da Manuel Carloni, Olmo Cerri, Victoria Pham, Han Sessions e Cristiano Zanoni, i partecipanti hanno preso parte a una passeggiata urbana articolata attorno a tre luoghi chiave: le macerie dell\u2019ex Macello, la fontana di Piazza Molino Nuovo e il piazzale della Gerra. Attraversando grandi assi viari, strade secondarie e spazi domestici, il percorso ha offerto uno sguardo dall\u2019interno sulla storia recente di Lugano e sulle trasformazioni che, negli ultimi decenni, ne hanno ridisegnato il volto.<\/p>\n<p data-start=\"2201\" data-end=\"2645\">Oltre a rivelare luoghi dal forte valore simbolico, storico e architettonico, la passeggiata ha restituito la testimonianza degli spazi autogestiti e indipendenti della citt\u00e0, intrecciando i racconti dei luoghi con quelli delle persone che li hanno vissuti e animati. L\u2019incontro con questa realt\u00e0 locale, insieme alla generosit\u00e0 della condivisione, si \u00e8 rivelato prezioso per ampliare la comprensione del territorio e delle sue dinamiche umane.<\/p>\n","protected":false},"excerpt":{"rendered":"<p>Curtain up! \u00e8 il titolo del laboratorio di scenografia urbana  [&#8230;]<\/p>\n","protected":false},"author":2,"featured_media":917,"comment_status":"closed","ping_status":"closed","sticky":false,"template":"","format":"standard","meta":{"footnotes":""},"categories":[5],"tags":[],"class_list":["post-916","post","type-post","status-publish","format-standard","has-post-thumbnail","hentry","category-eventi"],"_links":{"self":[{"href":"https:\/\/associazioneidra.ch\/index.php?rest_route=\/wp\/v2\/posts\/916","targetHints":{"allow":["GET"]}}],"collection":[{"href":"https:\/\/associazioneidra.ch\/index.php?rest_route=\/wp\/v2\/posts"}],"about":[{"href":"https:\/\/associazioneidra.ch\/index.php?rest_route=\/wp\/v2\/types\/post"}],"author":[{"embeddable":true,"href":"https:\/\/associazioneidra.ch\/index.php?rest_route=\/wp\/v2\/users\/2"}],"replies":[{"embeddable":true,"href":"https:\/\/associazioneidra.ch\/index.php?rest_route=%2Fwp%2Fv2%2Fcomments&post=916"}],"version-history":[{"count":1,"href":"https:\/\/associazioneidra.ch\/index.php?rest_route=\/wp\/v2\/posts\/916\/revisions"}],"predecessor-version":[{"id":918,"href":"https:\/\/associazioneidra.ch\/index.php?rest_route=\/wp\/v2\/posts\/916\/revisions\/918"}],"wp:featuredmedia":[{"embeddable":true,"href":"https:\/\/associazioneidra.ch\/index.php?rest_route=\/wp\/v2\/media\/917"}],"wp:attachment":[{"href":"https:\/\/associazioneidra.ch\/index.php?rest_route=%2Fwp%2Fv2%2Fmedia&parent=916"}],"wp:term":[{"taxonomy":"category","embeddable":true,"href":"https:\/\/associazioneidra.ch\/index.php?rest_route=%2Fwp%2Fv2%2Fcategories&post=916"},{"taxonomy":"post_tag","embeddable":true,"href":"https:\/\/associazioneidra.ch\/index.php?rest_route=%2Fwp%2Fv2%2Ftags&post=916"}],"curies":[{"name":"wp","href":"https:\/\/api.w.org\/{rel}","templated":true}]}}