{"id":973,"date":"2026-03-11T07:20:33","date_gmt":"2026-03-11T07:20:33","guid":{"rendered":"https:\/\/associazioneidra.ch\/?p=973"},"modified":"2026-03-11T07:20:33","modified_gmt":"2026-03-11T07:20:33","slug":"lugano-capitale-culturale-primi-passi-avanti-in-gestione-cdt","status":"publish","type":"post","link":"https:\/\/associazioneidra.ch\/?p=973","title":{"rendered":"Lugano capitale culturale, primi passi avanti in Gestione &#8211; CdT"},"content":{"rendered":"<p><strong>Legislativo &#8211; Lugano capitale culturale, primi passi avanti in Gestione<\/strong><\/p>\n<p><em>Nella seduta di luned\u00ec della commissione sono per\u00f2 riecheggiate le criticit\u00e0 sollevate dalla scena indipendente \u2013 Schnellmann (co-relatrice, PLR): \u00abPreoccupazioni premature\u00bb \u2013 Altin (co-relatrice, La Sinistra): \u00abNon \u00e8 il tema centrale, ora\u00bb<\/em><\/p>\n<p>L\u2019obiettivo di una delle due relatrici del rapporto della Commissione della Gestione del Consiglio comunale di Lugano sul messaggio inerente il sostegno alla candidatura di Lugano (con Locarno e Mendrisio) a Capitale Culturale Svizzera 2030 attraverso un credito di 1,5 milioni di franchi per il 2027-2031 \u00e8 quello di arrivare a un rapporto firmato da tutti i commissari, quindi all\u2019unanimit\u00e0, entro il 30 marzo, giorno in cui il messaggio dovrebbe essere discusso dal Legislativo. Un obiettivo raggiungibile? Petra Schnellmann (PLR), una delle due relatrici del rapporto assieme a Jasmine Altin (La Sinistra) ci crede. \u00abNel corso dei prossimi due incontri della Gestione in programma prima del Consiglio comunale cercheremo di trovare una visione d\u2019insieme &#8211; spiega &#8211; questo perch\u00e9 siamo consapevoli dell\u2019importanza della candidatura e dei suoi numerosi risvolti positivi che potranno arrivare a cascata non solo per Lugano, ma per l\u2019intero cantone\u00bb. Schnellmann \u00e8 perci\u00f2 sicura. \u00abQualora la candidatura dovesse essere accettata dalla giuria (che dovrebbe arrivare in Ticino il 26 marzo, ndr), diventare per Lugano, assieme a Mendrisio e Locarno capitale della cultura svizzera sarebbe un grande valore aggiunto\u00bb.<\/p>\n<p>Vero \u00e8 che proprio luned\u00ec sera, nel corso riunione dei commissari della Gestione a finire sotto la lente sono state in particolare le considerazioni di settimana scorsa della scena culturale indipendente. Scena che, pur lodando l\u2019iniziativa, anzi, considerandola un\u2019opportunit\u00e0, non ha risparmiato alcune critiche al Municipio, reo di aver inserito nel messaggio sulla candidatura pochi elementi concreti a favore della cultura indipendente.<\/p>\n<p><strong>\u00abCi sar\u00e0 tutto il tempo\u00bb<\/strong><br \/>\n\u00abAbbiamo preso atto delle critiche sollevate dalla scena indipendente &#8211; riprende Schnellmann &#8211; ma personalmente ritengo che certe discussioni al momento siano premature. Ci saranno insomma modi e tempi per entrare nel concreto e approfondire. Oggi stiamo discutendo, lo ricordo, del sostegno alla candidatura\u00bb. La relatrice del rapporto si spiega meglio. \u00abIn caso di vittoria &#8211; riprende &#8211; la governance della Capitale sar\u00e0 affidata ad una struttura dedicata denominata \u201cAssociazione Lugano con Locarno e Mendrisio per la Capitale Culturale Svizzera 2030\u201d che coordiner\u00e0 la programmazione culturale e il calendario, la gestione amministrativa, la pianificazione temporale, finanziaria e logistica, la raccolta fondi e la comunicazione e il marketing. Tutto questo, sapendo che, sempre in caso di vittoria la costituzione di tale organismo, con statuto e regolamento, sar\u00e0 sottoposta al Consiglio Comunale dei tre Comuni coinvolti cos\u00ec come il relativo mandato di prestazione\u00bb.<\/p>\n<p><strong>\u00abLa scena verr\u00e0 aiutata\u00bb<\/strong><br \/>\nNonostante ci\u00f2, luned\u00ec sera in Gestione le critiche della scena indipendente luganese, secondo cui \u00e8 difficile immaginare una candidatura credibile a Capitale della cultura svizzera senza affrontare prima le condizioni strutturali della stessa scena culturale, sono riecheggiate e sono state messe sul tavolo. Jasmine Altin, correlatrice del rapporto, chiarisce meglio. \u00abIl tema centrale di questo messaggio \u00e8 il sostegno alla candidatura &#8211; sottolinea &#8212; In questo senso tutte le forze politiche oggi vedono questa opportunit\u00e0. Detto ci\u00f2, se si metter\u00e0 in pratica quello che si propone con la candidatura allora si sosterr\u00e0 anche la scena indipendente, perch\u00e9 si sottolinea che verr\u00e0 aiutata concretamente con spazi e sostegni diretti. Mi auguro che sar\u00e0 cos\u00ec\u00bb.<\/p>\n","protected":false},"excerpt":{"rendered":"<p>Legislativo &#8211; Lugano capitale culturale, primi passi avanti in Gestione  [&#8230;]<\/p>\n","protected":false},"author":2,"featured_media":0,"comment_status":"closed","ping_status":"closed","sticky":false,"template":"","format":"standard","meta":{"footnotes":""},"categories":[3],"tags":[],"class_list":["post-973","post","type-post","status-publish","format-standard","hentry","category-rassegna-stampa"],"_links":{"self":[{"href":"https:\/\/associazioneidra.ch\/index.php?rest_route=\/wp\/v2\/posts\/973","targetHints":{"allow":["GET"]}}],"collection":[{"href":"https:\/\/associazioneidra.ch\/index.php?rest_route=\/wp\/v2\/posts"}],"about":[{"href":"https:\/\/associazioneidra.ch\/index.php?rest_route=\/wp\/v2\/types\/post"}],"author":[{"embeddable":true,"href":"https:\/\/associazioneidra.ch\/index.php?rest_route=\/wp\/v2\/users\/2"}],"replies":[{"embeddable":true,"href":"https:\/\/associazioneidra.ch\/index.php?rest_route=%2Fwp%2Fv2%2Fcomments&post=973"}],"version-history":[{"count":1,"href":"https:\/\/associazioneidra.ch\/index.php?rest_route=\/wp\/v2\/posts\/973\/revisions"}],"predecessor-version":[{"id":974,"href":"https:\/\/associazioneidra.ch\/index.php?rest_route=\/wp\/v2\/posts\/973\/revisions\/974"}],"wp:attachment":[{"href":"https:\/\/associazioneidra.ch\/index.php?rest_route=%2Fwp%2Fv2%2Fmedia&parent=973"}],"wp:term":[{"taxonomy":"category","embeddable":true,"href":"https:\/\/associazioneidra.ch\/index.php?rest_route=%2Fwp%2Fv2%2Fcategories&post=973"},{"taxonomy":"post_tag","embeddable":true,"href":"https:\/\/associazioneidra.ch\/index.php?rest_route=%2Fwp%2Fv2%2Ftags&post=973"}],"curies":[{"name":"wp","href":"https:\/\/api.w.org\/{rel}","templated":true}]}}