{"id":976,"date":"2026-03-31T07:39:06","date_gmt":"2026-03-31T07:39:06","guid":{"rendered":"https:\/\/associazioneidra.ch\/?p=976"},"modified":"2026-03-31T07:39:06","modified_gmt":"2026-03-31T07:39:06","slug":"la-cultura-indipendente-non-ha-ancora-spazio-a-lugano-ps-lugano-ch","status":"publish","type":"post","link":"https:\/\/associazioneidra.ch\/?p=976","title":{"rendered":"La cultura indipendente non ha ancora spazio a Lugano &#8211; ps-lugano.ch"},"content":{"rendered":"<p>Care colleghe, cari colleghi,<\/p>\n<p>Intervengo a nome del mio gruppo con un duplice scopo. Da un lato, intendo esprimere l\u2019adesione della Sinistra al messaggio municipale: la candidatura di Lugano, congiuntamente alle citt\u00e0 di Mendrisio e Locarno, come Capitale Svizzera della Cultura 2030 pu\u00f2 senza dubbio rappresentare un\u2019occasione importante per Lugano per sviluppare una cultura della cultura sul territorio, con evidenti ricadute sul tessuto sociale, economico e turistico della Citt\u00e0: ben venga dunque il sostegno alla candidatura.<br \/>\nD\u2019altro canto, non sar\u00e0 di certo passata inosservata la riserva che io personalmente, come il collega Baratti che mi ha preceduto, ho lasciato aleggiare sulla firma al rapporto. \u00c8 dunque doveroso spiegare in cosa consista, tale riserva, e perch\u00e9 essa non impedisce di approvare il messaggio municipale.<\/p>\n<p>Per una collettivit\u00e0, la cultura rappresenta una linfa vitale: \u00e8 ci\u00f2 che ci fa crescere e imparare, che ci fa sognare e guardare lontano, \u00e8 ci\u00f2 che ci insegna a relazionarci con gli altri, nell\u2019intesa e nel dissenso. Essa \u00e8 inesorabilmente figlia del pensiero umano, e nel contempo ne \u00e8 la spinta: come politici attenti ed interessati allo sviluppo di un territorio e della popolazione che ci abita dobbiamo forzatamente riconoscere alla cultura un ruolo formativo eccezionale. Lugano, spesso definita la \u201clocomotiva economica del Ticino\u201d, la grande citt\u00e0 con aspirazioni metropolitane, almeno dai tempi della creazione del LAC ha cominciato a profilarsi anche come polo culturale: detto altrimenti, da quasi una quindicina di anni la Citt\u00e0 a parole esprime un enorme interesse verso l\u2019ambito artisitico\u2026 bench\u00e9 a dirla tutta non sia chiaro se sia un interesse legato alle ricadute economiche, alla reputazione della Citt\u00e0 o davvero al valore intrinseco della cultura\u2026 Quale che siano le motivazioni, indubbiamente le offerte sul territorio cittadino sono tante, come tante sono le iniziative culturali promosse direttamente dalla Citt\u00e0. Tutto questo \u00e8 un valore certo e importante: senza, Lugano decisamente non potrebbe aspirare, al di l\u00e0 dei numeri che ne fanno la decima citt\u00e0 svizzera in quanto a popolazione, ad essere un centro urbano catalizzatore e nel contempo propulsore di energie. Ma per ora Lugano pu\u00f2 solo aspirare, perch\u00e9 non basta mettere in fila tutta la sicura e rassicurante cultura istituzionale per diventare quel tipo di centro urbano: per farlo, bisogna realmente lasciare redini e spazio, fisico e mentale, a coloro che professionalmente vivono e creano la cultura. Su questo fronte, Lugano non fa abbastanza: nonostante le molte dichiarazioni, i molti incontri, i documenti e le idee sparse la cultura indipendente nella nostra citt\u00e0 non ha ancora spazio, n\u00e9 fisico n\u00e9 mentale. Non ce l\u2019ha fisico, perch\u00e9 nonostante i proclami pubblici e le riflessioni di un gruppo di lavoro apposito ancora non si \u00e8 concretizzato nulla, a due anni dalla Carta della Gerra e a tre anni dall\u2019esperienza vivificante e concordemente positiva della Tour Vagabonde. Non ce l\u2019ha mentale, perch\u00e9 ancora non \u00e8 chiaro a tutti cosa sia la cultura indipendente, che a seconda di chi parla viene sovrapposta alle politiche giovanili o ai modelli di vita alternativi, e che in linea generale non viene identificata come risorsa economica e settore professionale ma come ambito amatoriale da eventualmente sostenere. Non ha neppure uno spazio politico, giacch\u00e9 ad oggi in Municipio sono pendenti tre interrogazioni (luglio 2024, aprile 2025, ottobre 2025) sul tema che ancora non hanno ricevuto risposta.<\/p>\n<p>Ora, mi direte, cosa centra tutto questo con la candidatura di Lugano quale Capitale Svizzera della Cultura 2030? Centra enormemente, poich\u00e9 l\u2019importanza di dare spazio e valore alle professioniste ed ai professionisti della cultura \u00e8 una condizione sine qua non del bando di concorso. Esso recita, al capitolo Contenuto artistico e culturale:<\/p>\n<p>\u201cI criteri decisivi per la selezione della citt\u00e0 organizzatrice sono la portata e la diversit\u00e0 delle attivit\u00e0 proposte e la loro qualit\u00e0 artistica complessiva, nonch\u00e9 la capacit\u00e0 di combinare il patrimonio culturale locale con espressioni culturali innovative e sperimentali.<br \/>\nGli artisti e gli operatori culturali locali devono essere coinvolti nella progettazione e nell\u2019attuazione del programma culturale.<br \/>\nL\u2019offerta culturale deve coprire un\u2019ampia gamma di forme d\u2019arte, mescolando eventi gratuiti e a pagamento, nonch\u00e9 proposte rivolte a un pubblico ampio e forme d\u2019arte pi\u00f9 specializzate.\u201d<\/p>\n<p>Il Messaggio Municipale, come gi\u00e0 le pagine dedicate al tema nel Conti Preventivi 2026, porta roboanti quanto vaghe e fumose rassicurazioni riguardo al fatto che (cito) \u201cl\u2019obiettivo \u00e8 valorizzare le risorse esistenti, coordinare le iniziative presenti e generare opportunit\u00e0 di sviluppo per il territorio, rafforzando la scena culturale indipendente anche attraverso nuovi spazi e strumenti di sostegno adeguati.\u201d \u00c8 poco chiaro allora perch\u00e9, se questo \u00e8 l\u2019obiettivo, tanto poco sia stato fatto finora. La Commissione della Gestione ha svolto i suoi approfondimenti, e alle domande avanzate non sono state fornite risposte pi\u00f9 rassicurantemente concrete.<\/p>\n<p>Senza il riconoscimento e la valorizzazione fattuale della cultura indipendente la candidatura di Lugano \u00e8 in partenza debole e poco credibile: va sostenuta, come faremo con il nostro voto, ma tale sostegno non pu\u00f2 esimersi da una ferma critica all\u2019immobilismo politico del nostro Esecutivo e speriamo non del nostro Legislativo su un tema tanto importante per la nostra Citt\u00e0.<\/p>\n<p><em><a href=\"https:\/\/ps-lugano.ch\/che-spazio-per-la-cultura-indipendente-nella-capitale-della-cultura\/\">Nina Pusterla &#8211; intervento in Consiglio Comunale del 20.03.2026 da ps-lugano.ch<\/a><\/em><\/p>\n","protected":false},"excerpt":{"rendered":"<p>Care colleghe, cari colleghi, Intervengo a nome del mio gruppo  [&#8230;]<\/p>\n","protected":false},"author":2,"featured_media":0,"comment_status":"closed","ping_status":"closed","sticky":false,"template":"","format":"standard","meta":{"footnotes":""},"categories":[3],"tags":[],"class_list":["post-976","post","type-post","status-publish","format-standard","hentry","category-rassegna-stampa"],"_links":{"self":[{"href":"https:\/\/associazioneidra.ch\/index.php?rest_route=\/wp\/v2\/posts\/976","targetHints":{"allow":["GET"]}}],"collection":[{"href":"https:\/\/associazioneidra.ch\/index.php?rest_route=\/wp\/v2\/posts"}],"about":[{"href":"https:\/\/associazioneidra.ch\/index.php?rest_route=\/wp\/v2\/types\/post"}],"author":[{"embeddable":true,"href":"https:\/\/associazioneidra.ch\/index.php?rest_route=\/wp\/v2\/users\/2"}],"replies":[{"embeddable":true,"href":"https:\/\/associazioneidra.ch\/index.php?rest_route=%2Fwp%2Fv2%2Fcomments&post=976"}],"version-history":[{"count":1,"href":"https:\/\/associazioneidra.ch\/index.php?rest_route=\/wp\/v2\/posts\/976\/revisions"}],"predecessor-version":[{"id":977,"href":"https:\/\/associazioneidra.ch\/index.php?rest_route=\/wp\/v2\/posts\/976\/revisions\/977"}],"wp:attachment":[{"href":"https:\/\/associazioneidra.ch\/index.php?rest_route=%2Fwp%2Fv2%2Fmedia&parent=976"}],"wp:term":[{"taxonomy":"category","embeddable":true,"href":"https:\/\/associazioneidra.ch\/index.php?rest_route=%2Fwp%2Fv2%2Fcategories&post=976"},{"taxonomy":"post_tag","embeddable":true,"href":"https:\/\/associazioneidra.ch\/index.php?rest_route=%2Fwp%2Fv2%2Ftags&post=976"}],"curies":[{"name":"wp","href":"https:\/\/api.w.org\/{rel}","templated":true}]}}