{"id":984,"date":"2026-05-04T15:47:36","date_gmt":"2026-05-04T15:47:36","guid":{"rendered":"https:\/\/associazioneidra.ch\/?p=984"},"modified":"2026-05-08T12:46:56","modified_gmt":"2026-05-08T12:46:56","slug":"cultura-indipendente-ludc-incalza-spesa-giustificata-tio","status":"publish","type":"post","link":"https:\/\/associazioneidra.ch\/?p=984","title":{"rendered":"Cultura indipendente, l\u2019UDC incalza: \u00abSpesa giustificata?\u00bb &#8211; TiO"},"content":{"rendered":"<p><strong>CANTONE Cultura indipendente, l\u2019UDC incalza: \u00abSpesa giustificata?\u00bb<br \/>\nI democentristi interrogano il Consiglio di Stato sui progetti promossi dal DECS.<\/strong><\/p>\n<p><em>Ticinonline &#8211; 04 mag 2026\u00a0<\/em><\/p>\n<p>BELLINZONA &#8211; Un nuovo intervento a sostegno della cultura indipendente finisce sotto la lente della politica cantonale. Con un\u2019interpellanza il gruppo UDC (prima firmataria Lara Filippini) solleva una serie di interrogativi sulla sostenibilit\u00e0 e sull\u2019opportunit\u00e0 dei progetti promossi dal Dipartimento dell\u2019educazione, della cultura e dello sport (DECS).<\/p>\n<p>Al centro della discussione vi \u00e8 la proposta, comunicata ai Comuni ticinesi il 23 aprile 2026, di introdurre un bando di concorso per incentivare la messa a disposizione di spazi destinati alla cultura indipendente. Il modello prevede un cofinanziamento cantonale pari al 50% delle spese locative sostenute dai Comuni, fino a un massimo di 30mila franchi annui per progetto.<\/p>\n<p>L\u2019iniziativa si inserisce nelle Linee cantonali di politica culturale 2024-2027 e trova fondamento in uno studio dell\u2019Osservatorio culturale del Cantone Ticino, che evidenzia una crescente domanda di spazi accessibili e condivisi tra operatori del settore. Tuttavia, secondo i firmatari dell\u2019interpellanza, il contesto finanziario attuale impone una riflessione pi\u00f9 prudente.<\/p>\n<p>Il Cantone si confronta infatti con un disavanzo strutturale e con la necessit\u00e0 di contenere la spesa pubblica. In questo scenario, i deputati chiedono se sia giustificato destinare risorse \u2013 seppur limitate per singolo progetto \u2013 a iniziative la cui efficacia non \u00e8 ancora chiaramente dimostrata. Il timore \u00e8 quello di una dispersione di fondi in interventi frammentati e di utilit\u00e0 limitata.<\/p>\n<p>Tra le principali preoccupazioni figura anche il rischio di inefficienze: senza criteri rigorosi di verifica, contributi significativi potrebbero essere concessi anche in presenza di un utilizzo solo parziale degli spazi finanziati. Da qui la richiesta di chiarimenti su strumenti di controllo, indicatori di efficacia e modalit\u00e0 di valutazione dei risultati.<\/p>\n<p>L\u2019interpellanza entra nel dettaglio con una serie di domande rivolte al Consiglio di Stato. Si chiede, tra l\u2019altro, quale sia il livello di adesione dei Comuni al questionario preliminare, quale potrebbe essere l\u2019impatto finanziario complessivo della misura e su quali basi essa venga considerata un investimento efficiente.<\/p>\n<p>Particolare attenzione \u00e8 posta anche sulla sostenibilit\u00e0 per i Comuni, soprattutto quelli di piccole e medie dimensioni, chiamati a coprire met\u00e0 dei costi. I firmatari chiedono inoltre chiarimenti sul ruolo delle associazioni di categoria e sui criteri che ne definiranno l\u2019accesso ai fondi.<\/p>\n<p>Infine, viene sollevata una questione politica pi\u00f9 ampia: in un contesto di risorse limitate, questa misura rappresenta davvero una priorit\u00e0? E il Governo \u00e8 disposto ad assumersi la responsabilit\u00e0 di mantenerla anche qualora si rendessero necessari tagli in altri settori?<\/p>\n<p>Con questa interpellanza, i deputati chiedono dunque al Consiglio di Stato di chiarire non solo gli aspetti tecnici del progetto, ma anche la sua coerenza con le attuali priorit\u00e0 finanziarie del Cantone.<\/p>\n","protected":false},"excerpt":{"rendered":"<p>CANTONE Cultura indipendente, l\u2019UDC incalza: \u00abSpesa giustificata?\u00bb I democentristi interrogano  [&#8230;]<\/p>\n","protected":false},"author":2,"featured_media":0,"comment_status":"closed","ping_status":"closed","sticky":false,"template":"","format":"standard","meta":{"footnotes":""},"categories":[3],"tags":[],"class_list":["post-984","post","type-post","status-publish","format-standard","hentry","category-rassegna-stampa"],"_links":{"self":[{"href":"https:\/\/associazioneidra.ch\/index.php?rest_route=\/wp\/v2\/posts\/984","targetHints":{"allow":["GET"]}}],"collection":[{"href":"https:\/\/associazioneidra.ch\/index.php?rest_route=\/wp\/v2\/posts"}],"about":[{"href":"https:\/\/associazioneidra.ch\/index.php?rest_route=\/wp\/v2\/types\/post"}],"author":[{"embeddable":true,"href":"https:\/\/associazioneidra.ch\/index.php?rest_route=\/wp\/v2\/users\/2"}],"replies":[{"embeddable":true,"href":"https:\/\/associazioneidra.ch\/index.php?rest_route=%2Fwp%2Fv2%2Fcomments&post=984"}],"version-history":[{"count":2,"href":"https:\/\/associazioneidra.ch\/index.php?rest_route=\/wp\/v2\/posts\/984\/revisions"}],"predecessor-version":[{"id":987,"href":"https:\/\/associazioneidra.ch\/index.php?rest_route=\/wp\/v2\/posts\/984\/revisions\/987"}],"wp:attachment":[{"href":"https:\/\/associazioneidra.ch\/index.php?rest_route=%2Fwp%2Fv2%2Fmedia&parent=984"}],"wp:term":[{"taxonomy":"category","embeddable":true,"href":"https:\/\/associazioneidra.ch\/index.php?rest_route=%2Fwp%2Fv2%2Fcategories&post=984"},{"taxonomy":"post_tag","embeddable":true,"href":"https:\/\/associazioneidra.ch\/index.php?rest_route=%2Fwp%2Fv2%2Ftags&post=984"}],"curies":[{"name":"wp","href":"https:\/\/api.w.org\/{rel}","templated":true}]}}