{"id":989,"date":"2026-05-22T09:18:59","date_gmt":"2026-05-22T09:18:59","guid":{"rendered":"https:\/\/associazioneidra.ch\/?p=989"},"modified":"2026-05-25T10:01:25","modified_gmt":"2026-05-25T10:01:25","slug":"a-lugano-la-cultura-indipendente-sta-per-perdere-un-altro-spazio-cdt","status":"publish","type":"post","link":"https:\/\/associazioneidra.ch\/?p=989","title":{"rendered":"A Lugano la cultura indipendente sta per perdere un altro spazio &#8211; CdT"},"content":{"rendered":"<p class=\"title\"><strong><span class=\"occhiel\">Viganello &#8211; <\/span>Si \u00e8 fatta pi\u00f9 concreta la demolizione dell\u2019edificio in via Luganetto che ospita lo Spazio L\u2019Ove, luogo di produzione e diffusione culturale: \u00abLo sapevamo sin dall\u2019inizio, ma \u00e8 un peccato: poteva facilmente diventare una grande casa per artisti\u00bb<\/strong><\/p>\n<p><em>Corriere del Ticino &#8211; 22 maggio 2026<\/em><\/p>\n<p>Sono i giorni decisivi per la candidatura congiunta di Lugano, Mendrisio e Locarno a Capitale culturale svizzera: la decisione della giuria \u00e8 attesa per giugno. Ma sono anche i giorni in cui lo Spazio L\u2019Ove a Viganello, probabilmente il principale sito cittadino per la produzione e la diffusione culturale indipendente, ha scoperto di avere i giorni contati. In verit\u00e0 lo ha sempre saputo, ma nelle scorse settimane \u00e8 stato presentato il progetto edilizio che prevede la demolizione dell\u2019edificio in cui ha sede e che \u00e8 ora in attesa di staccare la licenza edilizia. Una data non c\u2019\u00e8 ancora, ma la probabilit\u00e0 che l\u2019esperienza partita nel 2021 possa presto vedere la sua fine si \u00e8 fatta improvvisamente pi\u00f9 concreta, gettando l\u2019Associazione Luganetto (che gestisce gli spazi) in una sorta di orizzonte sospeso.<\/p>\n<div>\n<p class=\"comps header\"><strong>Spazi effimeri<\/strong><\/p>\n<div class=\"paragraph comps\">\n<p>Paradossalmente, quindi, mentre si decidono le sorti di una candidatura che promette di dare slancio alla cultura indipendente cittadina, uno dei suoi principali luoghi rischia di non pi\u00f9 esistere nel 2030, ovvero l\u2019anno in cui Lugano potrebbe divenire capitale culturale svizzera. \u00c8 una coincidenza, certo, ma fino a un certo punto. La possibilit\u00e0 di avere accesso a spazi di produzione e diffusione \u201csicuri\u201d \u00e8 al centro delle rivendicazioni della Carta della Gerra, oggetto di discussione da mesi fra gli esponenti della cultura indipendente, la Citt\u00e0 e il Cantone. D\u2019altronde, la cronaca di questi mesi dimostra come oggi questi spazi siano piuttosto effimeri. Se a Lugano sono partite nuove esperienze (l\u2019Associazione Fuoriluga a Cornaredo ma su territorio di Porza, lo Spazio Fervida a Molino Nuovo), qualche mese fa \u00e8 emerso che lo spazio d\u2019arte contemporanea La Rada dovr\u00e0 lasciare la sua sede a Locarno, e giusto sabato scorso a Casa Azul a Gordola \u2013 un altro luogo della cultura indipendente a rischio -vi \u00e8 stata una giornata dedicata al tema con l\u2019intervento di associazioni e istituzioni. E ora, appunto, la notizia che lo Spazio L\u2019Ove potrebbe avere le ore contate.<\/p>\n<\/div>\n<p class=\"comps header\"><strong>Un\u2019ex mensa operaia<\/strong><\/p>\n<div class=\"paragraph comps\">\n<p>Lo Spazio L\u2019Ove ha sede dal 2021 in via Luganetto, a ridosso dell\u2019Ospedale italiano e a pochi passi dal campus USI\/SUPSI e dal deposito ARL (uno dei possibili luoghi futuri della cultura indipendente), in un edificio industriale di inizio Novecento che \u00e8 nato come mensa operaia e ha poi avuto vari usi. Oggi \u00e8 di propriet\u00e0 privata e L\u2019Ove ne occupa solo una parte. Il resto \u00e8 utilizzato da altre persone e societ\u00e0 a mo&#8217; di ufficio, atelier o magazzino. All\u2019Associazione Luganetto, nata per gestire gli spazi di sua spettanza nell\u2019edificio, era noto che prima o dopo l\u2019edificio sarebbe stato demolito. \u00abMa speravamo che non succedesse gi\u00e0 ora\u00bb, ci dicono Eleonora Tedesco e Julie Mucchiut. E a gettare maggiore amarezza sulla notizia vi \u00e8 quanto \u00e8 diventato evidente in questo quinquennio scarso di uso degli spazi, ovvero che l\u2019ex mensa operaia \u00abpoteva facilmente diventare una grande casa per gli artisti, come ce ne sono tante nel mondo e in Svizzera: sembra fatto apposta\u00bb. \u00abFacilmente\u00bb, in questo caso, fa riferimento ai lavori di restauro dell\u2019edificio e di messa a punto degli spazi. A rendere l\u2019operazione pressocch\u00e9 impossibile vi \u00e8 per\u00f2 \u2013 anche a prescindere dal progetto edilizio in corso che prevede la realizzazione di spazi abitativi \u2013 il costo del terreno. Inarrivabile per l\u2019Associazione, dovrebbe semmai intervenire la Citt\u00e0, ma bisognerebbe costruire un non scontato consenso politico per sostenere l\u2019importante sforzo finanziario. Senza dimenticare che attualmente lo sforzo politico per dare uno spazio alla cultura indipendente si sta concentrando su altri edifici gi\u00e0 di propriet\u00e0 comunale o cantonale, come la Scuola d&#8217;Arte e Mestieri della Sartoria sita a Viganello.<\/p>\n<\/div>\n<p class=\"comps header\"><strong>\u00abSi perder\u00e0 una comunit\u00e0\u00bb<\/strong><\/p>\n<div class=\"paragraph comps\">\n<p>Insomma, l\u2019esperienza dello Spazio L\u2019Ove sembra destinata a terminare, almeno nella forma attuale. E replicarla altrove, bench\u00e9 vi sia la volont\u00e0 non sar\u00e0 per niente scontato, banalmente perch\u00e9 l\u2019edifico di Viganello \u00ab\u00e8 l\u2019ultimo rimasto di queste dimensioni\u00bb. Non a caso \u00e8 stato proprio a in via Lugnetto che \u00e8 stata organizzata la conferenza stampa per presentare la Carta della Gerra. \u00abLo Spazio non mancher\u00e0 solo a noi \u2013 affermano Tedesco e Mucchiut \u2013 ma anche a tante altre associazioni a cui l\u2019abbiamo messo a disposizione. Si perder\u00e0 una comunit\u00e0\u00bb. Lo Spazio L\u2019Ove, dal punto di vista della produzione, \u00e8 l\u2019\u201dufficio\u201d di una quindicina di persone. Garantisce inoltre spazi ad artisti di passaggio. Di recente vi \u00e8 stata Lisa Lurati per lavorare, con Mucchiut, alle scenografie del suo Wanderer di scena al LAC ieri e l\u2019altroieri, nonch\u00e9 artisti impegnati nel Fresh Festival tenutosi al Foce a met\u00e0 marzo. Quanto alla diffusione culturale, \u00abogni settimana c\u2019\u00e8 qualcosa\u00bb, e in effetti quando abbiamo incontrato Tedesco e Mucchiut erano impegnate a spostare mobili e riverniciare pareti per la mostra Found Poetry: l\u2019arte nascosta tra le parole (visitabile sino a domenica).<\/p>\n<\/div>\n<div class=\"row-comps\">\n<div class=\"paragraph comps\">\n<p>L\u2019Associazione Luganetto \u00e8 infatti basata sul volontariato (\u00abprecariato permanente\u00bb, lo definisce pi\u00f9 amaramente Tedesco), ed entrambe le nostre interlocutrici, vi fosse la possibilit\u00e0, vedrebbero di buon occhio una professionalizzazione di questa attivit\u00e0. Il discorso ricade quindi ancora sul sostegno pubblico alla cultura indipendente. \u00abCome Luganetto non l\u2019abbia cercato \u2013 dice Tedesco, che \u00e8 attiva anche nell\u2019associazione mantello Idra, la promotrice della Carta della Gerra \u2013 ma \u00e8 indiscutibilmente utile. La cultura indipendente va sostenuta a livello di regolamentazioni e spazi, affinch\u00e9 diventi sostenibile\u00bb. E possa quindi camminare sulle sue gambe, cosa di cui le nostre interlocutrici sono certe. \u00abAnche perch\u00e9 \u2013 sottolinea Mucchiut \u2013 la gran parte dell\u2019arte che il Ticino esporta in Svizzera e nel mondo nasce proprio da spazi come questo\u00bb.<\/p>\n<p><img decoding=\"async\" class=\"aligncenter size-full wp-image-992\" src=\"https:\/\/associazioneidra.ch\/wp-content\/uploads\/2026\/05\/love-luganetto.jpg\" alt=\"\" width=\"1920\" height=\"1080\" srcset=\"https:\/\/associazioneidra.ch\/wp-content\/uploads\/2026\/05\/love-luganetto-200x113.jpg 200w, https:\/\/associazioneidra.ch\/wp-content\/uploads\/2026\/05\/love-luganetto-300x169.jpg 300w, https:\/\/associazioneidra.ch\/wp-content\/uploads\/2026\/05\/love-luganetto-400x225.jpg 400w, https:\/\/associazioneidra.ch\/wp-content\/uploads\/2026\/05\/love-luganetto-600x338.jpg 600w, https:\/\/associazioneidra.ch\/wp-content\/uploads\/2026\/05\/love-luganetto-768x432.jpg 768w, https:\/\/associazioneidra.ch\/wp-content\/uploads\/2026\/05\/love-luganetto-800x450.jpg 800w, https:\/\/associazioneidra.ch\/wp-content\/uploads\/2026\/05\/love-luganetto-1024x576.jpg 1024w, https:\/\/associazioneidra.ch\/wp-content\/uploads\/2026\/05\/love-luganetto-1200x675.jpg 1200w, https:\/\/associazioneidra.ch\/wp-content\/uploads\/2026\/05\/love-luganetto-1536x864.jpg 1536w, https:\/\/associazioneidra.ch\/wp-content\/uploads\/2026\/05\/love-luganetto.jpg 1920w\" sizes=\"(max-width: 1920px) 100vw, 1920px\" \/><\/p>\n<\/div>\n<\/div>\n<\/div>\n","protected":false},"excerpt":{"rendered":"<p>Viganello &#8211; Si \u00e8 fatta pi\u00f9 concreta la demolizione dell\u2019edificio  [&#8230;]<\/p>\n","protected":false},"author":2,"featured_media":0,"comment_status":"closed","ping_status":"closed","sticky":false,"template":"","format":"standard","meta":{"footnotes":""},"categories":[3],"tags":[],"class_list":["post-989","post","type-post","status-publish","format-standard","hentry","category-rassegna-stampa"],"_links":{"self":[{"href":"https:\/\/associazioneidra.ch\/index.php?rest_route=\/wp\/v2\/posts\/989","targetHints":{"allow":["GET"]}}],"collection":[{"href":"https:\/\/associazioneidra.ch\/index.php?rest_route=\/wp\/v2\/posts"}],"about":[{"href":"https:\/\/associazioneidra.ch\/index.php?rest_route=\/wp\/v2\/types\/post"}],"author":[{"embeddable":true,"href":"https:\/\/associazioneidra.ch\/index.php?rest_route=\/wp\/v2\/users\/2"}],"replies":[{"embeddable":true,"href":"https:\/\/associazioneidra.ch\/index.php?rest_route=%2Fwp%2Fv2%2Fcomments&post=989"}],"version-history":[{"count":3,"href":"https:\/\/associazioneidra.ch\/index.php?rest_route=\/wp\/v2\/posts\/989\/revisions"}],"predecessor-version":[{"id":993,"href":"https:\/\/associazioneidra.ch\/index.php?rest_route=\/wp\/v2\/posts\/989\/revisions\/993"}],"wp:attachment":[{"href":"https:\/\/associazioneidra.ch\/index.php?rest_route=%2Fwp%2Fv2%2Fmedia&parent=989"}],"wp:term":[{"taxonomy":"category","embeddable":true,"href":"https:\/\/associazioneidra.ch\/index.php?rest_route=%2Fwp%2Fv2%2Fcategories&post=989"},{"taxonomy":"post_tag","embeddable":true,"href":"https:\/\/associazioneidra.ch\/index.php?rest_route=%2Fwp%2Fv2%2Ftags&post=989"}],"curies":[{"name":"wp","href":"https:\/\/api.w.org\/{rel}","templated":true}]}}